{"id":10003,"date":"2019-11-08T14:53:06","date_gmt":"2019-11-08T12:53:06","guid":{"rendered":"https:\/\/www.europeanrealestate.org\/blog\/?p=10003"},"modified":"2019-11-08T14:53:07","modified_gmt":"2019-11-08T12:53:07","slug":"propiedad-semana-moderno-apartamento-vistas-oceano","status":"publish","type":"post","link":"https:\/\/www.europeanrealestate.org\/blog\/es\/propiedad-semana-moderno-apartamento-vistas-oceano\/","title":{"rendered":"Propiedad de la semana: moderno apartamento con vistas directas al atl\u00e1ntico"},"content":{"rendered":"<p>Portugal es un pa\u00eds de contrastes donde puede encontrar desde las m\u00e1s hermosas playas de Europa hasta el legado cultural m\u00e1s hist\u00f3rico. Vivir en Portugal es un sue\u00f1o hecho realidad para cualquiera, gracias a su estilo de vida, clima y a la amplia oferta tanto gastron\u00f3mica, cultural y de ocio. La propiedad que queremos presentarle en esta ocasi\u00f3n es un moderno apartamento con vistas de la mano de nuestro socio <a href=\"https:\/\/www.europeanrealestate.org\/es\/agencias-inmobiliarias\/silfiducia\" target=\"_blank\" rel=\"noopener noreferrer\">Silfiducia Real Estate<\/a> con sede en Lisboa, Portgal.<\/p>\n<p>Este impresionante apartamento est\u00e1 ubicado en Carcavelos e Parede, en la preciosa regi\u00f3n de Cascais. Se ha sacado el m\u00e1ximo partido a la luz natural y al volumen para crear as\u00ed espacios que ofrecen el m\u00e1ximo confort y flexibilidad por no mencionar los elegantes acabados. Este ic\u00f3nico y elegante apartamento se beneficia de una superficie de 266.50m2 con una cocina de concepto abierto y sal\u00f3n comedor. Una de las caracter\u00edsticas m\u00e1s destacadas es su acogedora terraza de 50m2 con vistas panor\u00e1micas al oc\u00e9ano Atl\u00e1ntico.<\/p>\n<div id='gallery-1' class='gallery galleryid-10003 gallery-columns-2 gallery-size-large'><figure class='gallery-item'>\n\t\t\t<div class='gallery-icon landscape'>\n\t\t\t\t<img loading=\"lazy\" decoding=\"async\" width=\"780\" height=\"439\" src=\"https:\/\/www.europeanrealestate.org\/blog\/wp-content\/uploads\/2019\/10\/ID49d9c100-0000-0500-0000-000006eda290-e1571407035390-1024x576.jpg\" class=\"attachment-large size-large\" alt=\"Majestuoso sal\u00f3n con vistas\" srcset=\"https:\/\/www.europeanrealestate.org\/blog\/wp-content\/uploads\/2019\/10\/ID49d9c100-0000-0500-0000-000006eda290-e1571407035390-1024x576.jpg 1024w, https:\/\/www.europeanrealestate.org\/blog\/wp-content\/uploads\/2019\/10\/ID49d9c100-0000-0500-0000-000006eda290-e1571407035390-300x169.jpg 300w, https:\/\/www.europeanrealestate.org\/blog\/wp-content\/uploads\/2019\/10\/ID49d9c100-0000-0500-0000-000006eda290-e1571407035390-768x432.jpg 768w, https:\/\/www.europeanrealestate.org\/blog\/wp-content\/uploads\/2019\/10\/ID49d9c100-0000-0500-0000-000006eda290-e1571407035390.jpg 1280w\" sizes=\"(max-width: 780px) 100vw, 780px\" \/>\n\t\t\t<\/div><\/figure><figure class='gallery-item'>\n\t\t\t<div class='gallery-icon landscape'>\n\t\t\t\t<img loading=\"lazy\" decoding=\"async\" width=\"780\" height=\"439\" src=\"https:\/\/www.europeanrealestate.org\/blog\/wp-content\/uploads\/2019\/10\/ID49d9c100-0000-0500-0000-000006eda28b-e1571407053203-1024x576.jpg\" class=\"attachment-large size-large\" alt=\"Dormitorio principal con impresionantes vistas\" srcset=\"https:\/\/www.europeanrealestate.org\/blog\/wp-content\/uploads\/2019\/10\/ID49d9c100-0000-0500-0000-000006eda28b-e1571407053203-1024x576.jpg 1024w, https:\/\/www.europeanrealestate.org\/blog\/wp-content\/uploads\/2019\/10\/ID49d9c100-0000-0500-0000-000006eda28b-e1571407053203-300x169.jpg 300w, https:\/\/www.europeanrealestate.org\/blog\/wp-content\/uploads\/2019\/10\/ID49d9c100-0000-0500-0000-000006eda28b-e1571407053203-768x432.jpg 768w, https:\/\/www.europeanrealestate.org\/blog\/wp-content\/uploads\/2019\/10\/ID49d9c100-0000-0500-0000-000006eda28b-e1571407053203.jpg 1280w\" sizes=\"(max-width: 780px) 100vw, 780px\" \/>\n\t\t\t<\/div><\/figure>\n\t\t<\/div>\n\n<p>Completan esta magn\u00edfica residencia un cuarto de almacenamiento y tres plazas de aparcamiento privado.<\/p>\n<p>Este moderno apartamento con vistas forma parte del exclusivo complejo residencial Avencas Ocean Views. Este exquisito residencial ofrece la m\u00e1xima privacidad y seguridad. Cabe destacar que el edificio ha sido restaurado seg\u00fan los m\u00e1s altos est\u00e1ndares y renovado para crear un edificio moderno con exclusivas instalaciones. Extras del residencial: aparcamiento, terrazas, jardines privados, gimnasio y spa y piscina.<\/p>\n<p>Ubicaci\u00f3n privilegiada en Praia das Avencas y perfectamente conectados con Cascais y la capital de Portugal, Lisboa.<\/p>\n<p>Si est\u00e1 interesado en esta <a href=\"https:\/\/www.europeanrealestate.org\/es\/referral\/SIL1722\/\" target=\"_blank\" rel=\"noopener noreferrer\">propiedad en venta en Portugal<\/a> o en cualquier <a href=\"https:\/\/www.europeanrealestate.org\/es\/comprar\/apartamentos-pisos\/portugal\" target=\"_blank\" rel=\"noopener noreferrer\">otra zona<\/a> del pa\u00eds luso, p\u00f3ngase en contacto con nuestro miembro Silfiducia.<\/p>\n","protected":false},"excerpt":{"rendered":"<p>Tenemos el placer de presentarle una propiedad en venta en Cascais de estilo contempor\u00e1neo de la mano de nuestro miembro Silfiducia. <\/p>\n","protected":false},"author":13,"featured_media":10007,"comment_status":"closed","ping_status":"closed","sticky":false,"template":"","format":"standard","meta":{"footnotes":""},"categories":[1091],"tags":[5445,5169,5769],"yoast_head":"<!-- This site is optimized with the Yoast SEO plugin v23.0 - https:\/\/yoast.com\/wordpress\/plugins\/seo\/ -->\n<title>Moderno apartamento con vistas al oc\u00e9ano Atl\u00e1ntico en Portugal | EREN<\/title>\n<meta name=\"description\" content=\"Si est\u00e1 interesado en adquirir este moderno apartamento con vistas al oce\u00e1no Atl\u00e1ntico en Portugal, puede contactar con nuestro miembro Silfiducia.\" \/>\n<meta name=\"robots\" content=\"index, follow, max-snippet:-1, max-image-preview:large, max-video-preview:-1\" \/>\n<link rel=\"canonical\" href=\"https:\/\/www.europeanrealestate.org\/blog\/es\/propiedad-semana-moderno-apartamento-vistas-oceano\/\" \/>\n<meta property=\"og:locale\" content=\"es_ES\" \/>\n<meta property=\"og:type\" content=\"article\" \/>\n<meta property=\"og:title\" content=\"Moderno apartamento con vistas al oc\u00e9ano Atl\u00e1ntico en Portugal | EREN\" \/>\n<meta property=\"og:description\" content=\"Si est\u00e1 interesado en adquirir este moderno apartamento con vistas al oce\u00e1no Atl\u00e1ntico en Portugal, puede contactar con nuestro miembro Silfiducia.\" \/>\n<meta property=\"og:url\" content=\"https:\/\/www.europeanrealestate.org\/blog\/es\/propiedad-semana-moderno-apartamento-vistas-oceano\/\" \/>\n<meta property=\"og:site_name\" content=\"EREN\" \/>\n<meta property=\"article:published_time\" content=\"2019-11-08T12:53:06+00:00\" \/>\n<meta property=\"article:modified_time\" content=\"2019-11-08T12:53:07+00:00\" \/>\n<meta property=\"og:image\" content=\"https:\/\/www.europeanrealestate.org\/blog\/wp-content\/uploads\/2019\/10\/ID49d9c100-0000-0500-0000-00000719784c-e1571407076149.jpg\" \/>\n\t<meta property=\"og:image:width\" content=\"1280\" \/>\n\t<meta property=\"og:image:height\" content=\"720\" \/>\n\t<meta property=\"og:image:type\" content=\"image\/jpeg\" \/>\n<meta name=\"author\" content=\"SILFIDUCIA Real Estate\" \/>\n<meta name=\"twitter:card\" content=\"summary_large_image\" \/>\n<meta name=\"twitter:label1\" content=\"Escrito por\" \/>\n\t<meta name=\"twitter:data1\" content=\"SILFIDUCIA Real Estate\" \/>\n\t<meta name=\"twitter:label2\" content=\"Tiempo de lectura\" \/>\n\t<meta name=\"twitter:data2\" content=\"2 minutos\" \/>\n<script type=\"application\/ld+json\" class=\"yoast-schema-graph\">{\"@context\":\"https:\/\/schema.org\",\"@graph\":[{\"@type\":\"Article\",\"@id\":\"https:\/\/www.europeanrealestate.org\/blog\/es\/propiedad-semana-moderno-apartamento-vistas-oceano\/#article\",\"isPartOf\":{\"@id\":\"https:\/\/www.europeanrealestate.org\/blog\/es\/propiedad-semana-moderno-apartamento-vistas-oceano\/\"},\"author\":{\"name\":\"SILFIDUCIA Real Estate\",\"@id\":\"https:\/\/www.europeanrealestate.org\/blog\/#\/schema\/person\/51c7fcafd7015651bc183d91d07a8a8a\"},\"headline\":\"Propiedad de la semana: moderno apartamento con vistas directas al atl\u00e1ntico\",\"datePublished\":\"2019-11-08T12:53:06+00:00\",\"dateModified\":\"2019-11-08T12:53:07+00:00\",\"mainEntityOfPage\":{\"@id\":\"https:\/\/www.europeanrealestate.org\/blog\/es\/propiedad-semana-moderno-apartamento-vistas-oceano\/\"},\"wordCount\":320,\"publisher\":{\"@id\":\"https:\/\/www.europeanrealestate.org\/blog\/#organization\"},\"image\":{\"@id\":\"https:\/\/www.europeanrealestate.org\/blog\/es\/propiedad-semana-moderno-apartamento-vistas-oceano\/#primaryimage\"},\"thumbnailUrl\":\"https:\/\/www.europeanrealestate.org\/blog\/wp-content\/uploads\/2019\/10\/ID49d9c100-0000-0500-0000-00000719784c-e1571407076149.jpg\",\"keywords\":[\"Propiedad de la semana\",\"Propiedades de lujo en Europa\",\"SILFIDUCIA real estate\"],\"articleSection\":[\"Propiedades destacadas\"],\"inLanguage\":\"es\"},{\"@type\":\"WebPage\",\"@id\":\"https:\/\/www.europeanrealestate.org\/blog\/es\/propiedad-semana-moderno-apartamento-vistas-oceano\/\",\"url\":\"https:\/\/www.europeanrealestate.org\/blog\/es\/propiedad-semana-moderno-apartamento-vistas-oceano\/\",\"name\":\"Moderno apartamento con vistas al oc\u00e9ano Atl\u00e1ntico en Portugal | EREN\",\"isPartOf\":{\"@id\":\"https:\/\/www.europeanrealestate.org\/blog\/#website\"},\"primaryImageOfPage\":{\"@id\":\"https:\/\/www.europeanrealestate.org\/blog\/es\/propiedad-semana-moderno-apartamento-vistas-oceano\/#primaryimage\"},\"image\":{\"@id\":\"https:\/\/www.europeanrealestate.org\/blog\/es\/propiedad-semana-moderno-apartamento-vistas-oceano\/#primaryimage\"},\"thumbnailUrl\":\"https:\/\/www.europeanrealestate.org\/blog\/wp-content\/uploads\/2019\/10\/ID49d9c100-0000-0500-0000-00000719784c-e1571407076149.jpg\",\"datePublished\":\"2019-11-08T12:53:06+00:00\",\"dateModified\":\"2019-11-08T12:53:07+00:00\",\"description\":\"Si est\u00e1 interesado en adquirir este moderno apartamento con vistas al oce\u00e1no Atl\u00e1ntico en Portugal, puede contactar con nuestro miembro Silfiducia.\",\"breadcrumb\":{\"@id\":\"https:\/\/www.europeanrealestate.org\/blog\/es\/propiedad-semana-moderno-apartamento-vistas-oceano\/#breadcrumb\"},\"inLanguage\":\"es\",\"potentialAction\":[{\"@type\":\"ReadAction\",\"target\":[\"https:\/\/www.europeanrealestate.org\/blog\/es\/propiedad-semana-moderno-apartamento-vistas-oceano\/\"]}]},{\"@type\":\"ImageObject\",\"inLanguage\":\"es\",\"@id\":\"https:\/\/www.europeanrealestate.org\/blog\/es\/propiedad-semana-moderno-apartamento-vistas-oceano\/#primaryimage\",\"url\":\"https:\/\/www.europeanrealestate.org\/blog\/wp-content\/uploads\/2019\/10\/ID49d9c100-0000-0500-0000-00000719784c-e1571407076149.jpg\",\"contentUrl\":\"https:\/\/www.europeanrealestate.org\/blog\/wp-content\/uploads\/2019\/10\/ID49d9c100-0000-0500-0000-00000719784c-e1571407076149.jpg\",\"width\":1280,\"height\":720,\"caption\":\"Vistas al oc\u00e9ano Atl\u00e1ntico desde la terraza\"},{\"@type\":\"BreadcrumbList\",\"@id\":\"https:\/\/www.europeanrealestate.org\/blog\/es\/propiedad-semana-moderno-apartamento-vistas-oceano\/#breadcrumb\",\"itemListElement\":[{\"@type\":\"ListItem\",\"position\":1,\"name\":\"Home\",\"item\":\"https:\/\/www.europeanrealestate.org\/blog\/\"},{\"@type\":\"ListItem\",\"position\":2,\"name\":\"Propiedad de la semana: moderno apartamento con vistas directas al atl\u00e1ntico\"}]},{\"@type\":\"WebSite\",\"@id\":\"https:\/\/www.europeanrealestate.org\/blog\/#website\",\"url\":\"https:\/\/www.europeanrealestate.org\/blog\/\",\"name\":\"EREN\",\"description\":\"European Real Estate Network\",\"publisher\":{\"@id\":\"https:\/\/www.europeanrealestate.org\/blog\/#organization\"},\"potentialAction\":[{\"@type\":\"SearchAction\",\"target\":{\"@type\":\"EntryPoint\",\"urlTemplate\":\"https:\/\/www.europeanrealestate.org\/blog\/?s={search_term_string}\"},\"query-input\":\"required name=search_term_string\"}],\"inLanguage\":\"es\"},{\"@type\":\"Organization\",\"@id\":\"https:\/\/www.europeanrealestate.org\/blog\/#organization\",\"name\":\"EREN\",\"url\":\"https:\/\/www.europeanrealestate.org\/blog\/\",\"logo\":{\"@type\":\"ImageObject\",\"inLanguage\":\"es\",\"@id\":\"https:\/\/www.europeanrealestate.org\/blog\/#\/schema\/logo\/image\/\",\"url\":\"https:\/\/www.europeanrealestate.org\/blog\/wp-content\/uploads\/2019\/05\/EREN_LOGO.svg\",\"contentUrl\":\"https:\/\/www.europeanrealestate.org\/blog\/wp-content\/uploads\/2019\/05\/EREN_LOGO.svg\",\"width\":184,\"height\":14,\"caption\":\"EREN\"},\"image\":{\"@id\":\"https:\/\/www.europeanrealestate.org\/blog\/#\/schema\/logo\/image\/\"}},{\"@type\":\"Person\",\"@id\":\"https:\/\/www.europeanrealestate.org\/blog\/#\/schema\/person\/51c7fcafd7015651bc183d91d07a8a8a\",\"name\":\"SILFIDUCIA Real Estate\",\"image\":{\"@type\":\"ImageObject\",\"inLanguage\":\"es\",\"@id\":\"https:\/\/www.europeanrealestate.org\/blog\/#\/schema\/person\/image\/\",\"url\":\"https:\/\/secure.gravatar.com\/avatar\/81a1ee891ba99f47240ddc7b531a8017?s=96&d=mm&r=g\",\"contentUrl\":\"https:\/\/secure.gravatar.com\/avatar\/81a1ee891ba99f47240ddc7b531a8017?s=96&d=mm&r=g\",\"caption\":\"SILFIDUCIA Real Estate\"},\"url\":\"https:\/\/www.europeanrealestate.org\/blog\/author\/silfiducia-real-estate\/\"}]}<\/script>\n<!-- \/ Yoast SEO plugin. -->","yoast_head_json":{"title":"Moderno apartamento con vistas al oc\u00e9ano Atl\u00e1ntico en Portugal | EREN","description":"Si est\u00e1 interesado en adquirir este moderno apartamento con vistas al oce\u00e1no Atl\u00e1ntico en Portugal, puede contactar con nuestro miembro Silfiducia.","robots":{"index":"index","follow":"follow","max-snippet":"max-snippet:-1","max-image-preview":"max-image-preview:large","max-video-preview":"max-video-preview:-1"},"canonical":"https:\/\/www.europeanrealestate.org\/blog\/es\/propiedad-semana-moderno-apartamento-vistas-oceano\/","og_locale":"es_ES","og_type":"article","og_title":"Moderno apartamento con vistas al oc\u00e9ano Atl\u00e1ntico en Portugal | EREN","og_description":"Si est\u00e1 interesado en adquirir este moderno apartamento con vistas al oce\u00e1no Atl\u00e1ntico en Portugal, puede contactar con nuestro miembro Silfiducia.","og_url":"https:\/\/www.europeanrealestate.org\/blog\/es\/propiedad-semana-moderno-apartamento-vistas-oceano\/","og_site_name":"EREN","article_published_time":"2019-11-08T12:53:06+00:00","article_modified_time":"2019-11-08T12:53:07+00:00","og_image":[{"width":1280,"height":720,"url":"https:\/\/www.europeanrealestate.org\/blog\/wp-content\/uploads\/2019\/10\/ID49d9c100-0000-0500-0000-00000719784c-e1571407076149.jpg","type":"image\/jpeg"}],"author":"SILFIDUCIA Real Estate","twitter_card":"summary_large_image","twitter_misc":{"Escrito por":"SILFIDUCIA Real Estate","Tiempo de lectura":"2 minutos"},"schema":{"@context":"https:\/\/schema.org","@graph":[{"@type":"Article","@id":"https:\/\/www.europeanrealestate.org\/blog\/es\/propiedad-semana-moderno-apartamento-vistas-oceano\/#article","isPartOf":{"@id":"https:\/\/www.europeanrealestate.org\/blog\/es\/propiedad-semana-moderno-apartamento-vistas-oceano\/"},"author":{"name":"SILFIDUCIA Real Estate","@id":"https:\/\/www.europeanrealestate.org\/blog\/#\/schema\/person\/51c7fcafd7015651bc183d91d07a8a8a"},"headline":"Propiedad de la semana: moderno apartamento con vistas directas al atl\u00e1ntico","datePublished":"2019-11-08T12:53:06+00:00","dateModified":"2019-11-08T12:53:07+00:00","mainEntityOfPage":{"@id":"https:\/\/www.europeanrealestate.org\/blog\/es\/propiedad-semana-moderno-apartamento-vistas-oceano\/"},"wordCount":320,"publisher":{"@id":"https:\/\/www.europeanrealestate.org\/blog\/#organization"},"image":{"@id":"https:\/\/www.europeanrealestate.org\/blog\/es\/propiedad-semana-moderno-apartamento-vistas-oceano\/#primaryimage"},"thumbnailUrl":"https:\/\/www.europeanrealestate.org\/blog\/wp-content\/uploads\/2019\/10\/ID49d9c100-0000-0500-0000-00000719784c-e1571407076149.jpg","keywords":["Propiedad de la semana","Propiedades de lujo en Europa","SILFIDUCIA real estate"],"articleSection":["Propiedades destacadas"],"inLanguage":"es"},{"@type":"WebPage","@id":"https:\/\/www.europeanrealestate.org\/blog\/es\/propiedad-semana-moderno-apartamento-vistas-oceano\/","url":"https:\/\/www.europeanrealestate.org\/blog\/es\/propiedad-semana-moderno-apartamento-vistas-oceano\/","name":"Moderno apartamento con vistas al oc\u00e9ano Atl\u00e1ntico en Portugal | EREN","isPartOf":{"@id":"https:\/\/www.europeanrealestate.org\/blog\/#website"},"primaryImageOfPage":{"@id":"https:\/\/www.europeanrealestate.org\/blog\/es\/propiedad-semana-moderno-apartamento-vistas-oceano\/#primaryimage"},"image":{"@id":"https:\/\/www.europeanrealestate.org\/blog\/es\/propiedad-semana-moderno-apartamento-vistas-oceano\/#primaryimage"},"thumbnailUrl":"https:\/\/www.europeanrealestate.org\/blog\/wp-content\/uploads\/2019\/10\/ID49d9c100-0000-0500-0000-00000719784c-e1571407076149.jpg","datePublished":"2019-11-08T12:53:06+00:00","dateModified":"2019-11-08T12:53:07+00:00","description":"Si est\u00e1 interesado en adquirir este moderno apartamento con vistas al oce\u00e1no Atl\u00e1ntico en Portugal, puede contactar con nuestro miembro Silfiducia.","breadcrumb":{"@id":"https:\/\/www.europeanrealestate.org\/blog\/es\/propiedad-semana-moderno-apartamento-vistas-oceano\/#breadcrumb"},"inLanguage":"es","potentialAction":[{"@type":"ReadAction","target":["https:\/\/www.europeanrealestate.org\/blog\/es\/propiedad-semana-moderno-apartamento-vistas-oceano\/"]}]},{"@type":"ImageObject","inLanguage":"es","@id":"https:\/\/www.europeanrealestate.org\/blog\/es\/propiedad-semana-moderno-apartamento-vistas-oceano\/#primaryimage","url":"https:\/\/www.europeanrealestate.org\/blog\/wp-content\/uploads\/2019\/10\/ID49d9c100-0000-0500-0000-00000719784c-e1571407076149.jpg","contentUrl":"https:\/\/www.europeanrealestate.org\/blog\/wp-content\/uploads\/2019\/10\/ID49d9c100-0000-0500-0000-00000719784c-e1571407076149.jpg","width":1280,"height":720,"caption":"Vistas al oc\u00e9ano Atl\u00e1ntico desde la terraza"},{"@type":"BreadcrumbList","@id":"https:\/\/www.europeanrealestate.org\/blog\/es\/propiedad-semana-moderno-apartamento-vistas-oceano\/#breadcrumb","itemListElement":[{"@type":"ListItem","position":1,"name":"Home","item":"https:\/\/www.europeanrealestate.org\/blog\/"},{"@type":"ListItem","position":2,"name":"Propiedad de la semana: moderno apartamento con vistas directas al atl\u00e1ntico"}]},{"@type":"WebSite","@id":"https:\/\/www.europeanrealestate.org\/blog\/#website","url":"https:\/\/www.europeanrealestate.org\/blog\/","name":"EREN","description":"European Real Estate Network","publisher":{"@id":"https:\/\/www.europeanrealestate.org\/blog\/#organization"},"potentialAction":[{"@type":"SearchAction","target":{"@type":"EntryPoint","urlTemplate":"https:\/\/www.europeanrealestate.org\/blog\/?s={search_term_string}"},"query-input":"required name=search_term_string"}],"inLanguage":"es"},{"@type":"Organization","@id":"https:\/\/www.europeanrealestate.org\/blog\/#organization","name":"EREN","url":"https:\/\/www.europeanrealestate.org\/blog\/","logo":{"@type":"ImageObject","inLanguage":"es","@id":"https:\/\/www.europeanrealestate.org\/blog\/#\/schema\/logo\/image\/","url":"https:\/\/www.europeanrealestate.org\/blog\/wp-content\/uploads\/2019\/05\/EREN_LOGO.svg","contentUrl":"https:\/\/www.europeanrealestate.org\/blog\/wp-content\/uploads\/2019\/05\/EREN_LOGO.svg","width":184,"height":14,"caption":"EREN"},"image":{"@id":"https:\/\/www.europeanrealestate.org\/blog\/#\/schema\/logo\/image\/"}},{"@type":"Person","@id":"https:\/\/www.europeanrealestate.org\/blog\/#\/schema\/person\/51c7fcafd7015651bc183d91d07a8a8a","name":"SILFIDUCIA Real Estate","image":{"@type":"ImageObject","inLanguage":"es","@id":"https:\/\/www.europeanrealestate.org\/blog\/#\/schema\/person\/image\/","url":"https:\/\/secure.gravatar.com\/avatar\/81a1ee891ba99f47240ddc7b531a8017?s=96&d=mm&r=g","contentUrl":"https:\/\/secure.gravatar.com\/avatar\/81a1ee891ba99f47240ddc7b531a8017?s=96&d=mm&r=g","caption":"SILFIDUCIA Real Estate"},"url":"https:\/\/www.europeanrealestate.org\/blog\/author\/silfiducia-real-estate\/"}]}},"_links":{"self":[{"href":"https:\/\/www.europeanrealestate.org\/blog\/wp-json\/wp\/v2\/posts\/10003"}],"collection":[{"href":"https:\/\/www.europeanrealestate.org\/blog\/wp-json\/wp\/v2\/posts"}],"about":[{"href":"https:\/\/www.europeanrealestate.org\/blog\/wp-json\/wp\/v2\/types\/post"}],"author":[{"embeddable":true,"href":"https:\/\/www.europeanrealestate.org\/blog\/wp-json\/wp\/v2\/users\/13"}],"replies":[{"embeddable":true,"href":"https:\/\/www.europeanrealestate.org\/blog\/wp-json\/wp\/v2\/comments?post=10003"}],"version-history":[{"count":2,"href":"https:\/\/www.europeanrealestate.org\/blog\/wp-json\/wp\/v2\/posts\/10003\/revisions"}],"predecessor-version":[{"id":10009,"href":"https:\/\/www.europeanrealestate.org\/blog\/wp-json\/wp\/v2\/posts\/10003\/revisions\/10009"}],"wp:featuredmedia":[{"embeddable":true,"href":"https:\/\/www.europeanrealestate.org\/blog\/wp-json\/wp\/v2\/media\/10007"}],"wp:attachment":[{"href":"https:\/\/www.europeanrealestate.org\/blog\/wp-json\/wp\/v2\/media?parent=10003"}],"wp:term":[{"taxonomy":"category","embeddable":true,"href":"https:\/\/www.europeanrealestate.org\/blog\/wp-json\/wp\/v2\/categories?post=10003"},{"taxonomy":"post_tag","embeddable":true,"href":"https:\/\/www.europeanrealestate.org\/blog\/wp-json\/wp\/v2\/tags?post=10003"}],"curies":[{"name":"wp","href":"https:\/\/api.w.org\/{rel}","templated":true}]}}