{"id":10010,"date":"2019-11-14T09:00:20","date_gmt":"2019-11-14T07:00:20","guid":{"rendered":"https:\/\/www.europeanrealestate.org\/blog\/?p=10010"},"modified":"2019-11-13T17:11:30","modified_gmt":"2019-11-13T15:11:30","slug":"4-casas-lujo-en-venta-vivir-mallorca","status":"publish","type":"post","link":"https:\/\/www.europeanrealestate.org\/blog\/es\/4-casas-lujo-en-venta-vivir-mallorca\/","title":{"rendered":"4 casas de lujo para vivir todo el a\u00f1o en Mallorca"},"content":{"rendered":"<p>Nos hallamos en el ecuador del oto\u00f1o, una \u00e9poca que se define como una de la mejores para la adquisici\u00f3n de un inmueble. Y es que, aunque muchos piensen que tras la \u00e9poca estival las oportunidades podr\u00edan no ser buenas, nada m\u00e1s lejos de la realidad.<\/p>\n<p>Tras el par\u00f3n de las transacciones que tiene lugar durante los meses de verano, en oto\u00f1o se reactiva el sector con precios ligeramente m\u00e1s bajos. En Espa\u00f1a, durante los \u00faltimos meses del a\u00f1o es un periodo en el cu\u00e1l se realizan operaciones motivadas por asuntos fiscales.<\/p>\n<p>Tanto si est\u00e1 pensando en comprar una casa en Espa\u00f1a como <strong>vivienda habitual<\/strong>, busca <strong>invertir en un inmueble<\/strong> para conseguir rentabilidad a largo plazo o quiere una <strong>segunda residencia <\/strong>\u2013 normalmente orientada a disfrutar de las vacaciones de verano \u2013, Mallorca puede ser una excelente opci\u00f3n.<\/p>\n<p>Quiz\u00e1s s\u00f3lo relacionemos esta isla balear con el concepto de destino vacacional, por ser un lugar con 300 d\u00edas de sol al a\u00f1o y playas paradis\u00edacas. No obstante, son tambi\u00e9n sus paisajes de monta\u00f1a, sus pueblos con encanto, as\u00ed como su excelente gastronom\u00eda, algunas de las razones por las que finalmente se decida a <strong>comprar una casa en Mallorca<\/strong>.<\/p>\n<p>A continuaci\u00f3n nos gustar\u00eda proponerle cuatro exclusivas casas en venta en diferentes zonas de Mallorca. Todas ellas cuentan con exquisitas vistas al mar y un gran nivel de privacidad.<\/p>\n<div id='gallery-1' class='gallery galleryid-10010 gallery-columns-2 gallery-size-large'><figure class='gallery-item'>\n\t\t\t<div class='gallery-icon landscape'>\n\t\t\t\t<img loading=\"lazy\" decoding=\"async\" width=\"780\" height=\"439\" src=\"https:\/\/www.europeanrealestate.org\/blog\/wp-content\/uploads\/2019\/11\/casa-moderna-en-primera-linea-de-mar-en-santa-ponsa-mallorca-e1573644705240-1024x576.jpg\" class=\"attachment-large size-large\" alt=\"Casa moderna en primera l\u00ednea de mar en Santa Ponsa, Mallorca\" srcset=\"https:\/\/www.europeanrealestate.org\/blog\/wp-content\/uploads\/2019\/11\/casa-moderna-en-primera-linea-de-mar-en-santa-ponsa-mallorca-e1573644705240-1024x576.jpg 1024w, https:\/\/www.europeanrealestate.org\/blog\/wp-content\/uploads\/2019\/11\/casa-moderna-en-primera-linea-de-mar-en-santa-ponsa-mallorca-e1573644705240-300x169.jpg 300w, https:\/\/www.europeanrealestate.org\/blog\/wp-content\/uploads\/2019\/11\/casa-moderna-en-primera-linea-de-mar-en-santa-ponsa-mallorca-e1573644705240-768x432.jpg 768w, https:\/\/www.europeanrealestate.org\/blog\/wp-content\/uploads\/2019\/11\/casa-moderna-en-primera-linea-de-mar-en-santa-ponsa-mallorca-e1573644705240.jpg 2000w\" sizes=\"(max-width: 780px) 100vw, 780px\" \/>\n\t\t\t<\/div><\/figure><figure class='gallery-item'>\n\t\t\t<div class='gallery-icon landscape'>\n\t\t\t\t<img loading=\"lazy\" decoding=\"async\" width=\"780\" height=\"439\" src=\"https:\/\/www.europeanrealestate.org\/blog\/wp-content\/uploads\/2019\/11\/dormitorio-con-maravillosas-vistas-al-mar-en-santa-ponsa-e1573644078227-1024x576.jpg\" class=\"attachment-large size-large\" alt=\"Dormitorio con vistas al mar - casa en venta en Santa Ponsa, Mallorca\" srcset=\"https:\/\/www.europeanrealestate.org\/blog\/wp-content\/uploads\/2019\/11\/dormitorio-con-maravillosas-vistas-al-mar-en-santa-ponsa-e1573644078227-1024x576.jpg 1024w, https:\/\/www.europeanrealestate.org\/blog\/wp-content\/uploads\/2019\/11\/dormitorio-con-maravillosas-vistas-al-mar-en-santa-ponsa-e1573644078227-300x169.jpg 300w, https:\/\/www.europeanrealestate.org\/blog\/wp-content\/uploads\/2019\/11\/dormitorio-con-maravillosas-vistas-al-mar-en-santa-ponsa-e1573644078227-768x432.jpg 768w, https:\/\/www.europeanrealestate.org\/blog\/wp-content\/uploads\/2019\/11\/dormitorio-con-maravillosas-vistas-al-mar-en-santa-ponsa-e1573644078227.jpg 2000w\" sizes=\"(max-width: 780px) 100vw, 780px\" \/>\n\t\t\t<\/div><\/figure>\n\t\t<\/div>\n\n<p>Si siempre ha so\u00f1ado poseer una casa junto al mar, disfrutar cada d\u00eda de la brisa marina y unas fabulosas vistas, esta <a href=\"http:\/\/www.europeanrealestate.org\/es\/referral\/LBC1045\/\"><strong>modern<\/strong><\/a><a href=\"http:\/\/www.europeanrealestate.org\/es\/referral\/LBC1045\/\" target=\"_blank\" rel=\"noopener noreferrer\"><strong>a casa de 451m2 en Santa Ponsa<\/strong><\/a> es perfecta para usted. Distribuida en dos plantas, la vivienda dispone de cinco dormitorios con ba\u00f1os privados, incluido un gran dormitorio principal con vestidor y terraza. Cuenta tambi\u00e9n con un elegante sal\u00f3n comedor, cocina de grandes dimensiones con zona office y dos garajes.<\/p>\n<p>Desde esta casa, que est\u00e1 en <strong>primera l\u00ednea de mar<\/strong>, podr\u00e1 contemplar preciosos atardeceres, adem\u00e1s de disfrutar de agradables veladas con familiares y amigos. En los d\u00edas c\u00e1lidos o de verano los m\u00e1s peque\u00f1os podr\u00e1n jugar en el exuberante jard\u00edn mediterr\u00e1neo o darse un ba\u00f1o en la fant\u00e1stica piscina desbordante.<\/p>\n<div id='gallery-2' class='gallery galleryid-10010 gallery-columns-2 gallery-size-large'><figure class='gallery-item'>\n\t\t\t<div class='gallery-icon landscape'>\n\t\t\t\t<img loading=\"lazy\" decoding=\"async\" width=\"780\" height=\"439\" src=\"https:\/\/www.europeanrealestate.org\/blog\/wp-content\/uploads\/2019\/11\/casa-de-lujo-en-venta-en-bendinat-mallorca-e1573644506509-1024x576.jpg\" class=\"attachment-large size-large\" alt=\"Casa de lujo en venta en Bendinat, Mallorca\" srcset=\"https:\/\/www.europeanrealestate.org\/blog\/wp-content\/uploads\/2019\/11\/casa-de-lujo-en-venta-en-bendinat-mallorca-e1573644506509-1024x576.jpg 1024w, https:\/\/www.europeanrealestate.org\/blog\/wp-content\/uploads\/2019\/11\/casa-de-lujo-en-venta-en-bendinat-mallorca-e1573644506509-300x169.jpg 300w, https:\/\/www.europeanrealestate.org\/blog\/wp-content\/uploads\/2019\/11\/casa-de-lujo-en-venta-en-bendinat-mallorca-e1573644506509-768x432.jpg 768w, https:\/\/www.europeanrealestate.org\/blog\/wp-content\/uploads\/2019\/11\/casa-de-lujo-en-venta-en-bendinat-mallorca-e1573644506509.jpg 1300w\" sizes=\"(max-width: 780px) 100vw, 780px\" \/>\n\t\t\t<\/div><\/figure><figure class='gallery-item'>\n\t\t\t<div class='gallery-icon landscape'>\n\t\t\t\t<img loading=\"lazy\" decoding=\"async\" width=\"780\" height=\"439\" src=\"https:\/\/www.europeanrealestate.org\/blog\/wp-content\/uploads\/2019\/11\/fabulosa-terraza-cubierta-casa-en-venta-en-bendinat-e1573644227542-1024x576.jpg\" class=\"attachment-large size-large\" alt=\"Casa con terraza en venta en Bendinat, Mallorca\" srcset=\"https:\/\/www.europeanrealestate.org\/blog\/wp-content\/uploads\/2019\/11\/fabulosa-terraza-cubierta-casa-en-venta-en-bendinat-e1573644227542-1024x576.jpg 1024w, https:\/\/www.europeanrealestate.org\/blog\/wp-content\/uploads\/2019\/11\/fabulosa-terraza-cubierta-casa-en-venta-en-bendinat-e1573644227542-300x169.jpg 300w, https:\/\/www.europeanrealestate.org\/blog\/wp-content\/uploads\/2019\/11\/fabulosa-terraza-cubierta-casa-en-venta-en-bendinat-e1573644227542-768x432.jpg 768w, https:\/\/www.europeanrealestate.org\/blog\/wp-content\/uploads\/2019\/11\/fabulosa-terraza-cubierta-casa-en-venta-en-bendinat-e1573644227542.jpg 1300w\" sizes=\"(max-width: 780px) 100vw, 780px\" \/>\n\t\t\t<\/div><\/figure>\n\t\t<\/div>\n\n<p>Esta otra <a href=\"http:\/\/www.europeanrealestate.org\/es\/referral\/LBC1085\/\" target=\"_blank\" rel=\"noopener noreferrer\"><strong>casa en venta en Bendinat, Mallorca<\/strong><\/a>, est\u00e1 situada en una zona elevada de la localidad. Y, aunque quiz\u00e1s no tiene el mar a los pies, ofrece unas vistas del Mediterr\u00e1neo sublimes.<\/p>\n<p>La casa tiene una superficie de 630m2 aproximadamente y ha sido reformada con mucho gusto. Comprende cinco dormitorios con ba\u00f1os privados, un luminoso y amplio sal\u00f3n con cocina abierta y patio interior. No solo presume de una exquisita zona de sol\u00e1rium con piscina infinita, sino de un <strong>jacuzzi en la azotea<\/strong>; perfecto para relajarse mientras contempla el precioso entorno.<\/p>\n<div id='gallery-3' class='gallery galleryid-10010 gallery-columns-2 gallery-size-large'><figure class='gallery-item'>\n\t\t\t<div class='gallery-icon landscape'>\n\t\t\t\t<img loading=\"lazy\" decoding=\"async\" width=\"780\" height=\"439\" src=\"https:\/\/www.europeanrealestate.org\/blog\/wp-content\/uploads\/2019\/11\/piscina-con-vistas-en-genova-mallorca-1024x576.jpg\" class=\"attachment-large size-large\" alt=\"Casa con piscina y vistas al mar en venta en G\u00e9nova, Mallorca\" srcset=\"https:\/\/www.europeanrealestate.org\/blog\/wp-content\/uploads\/2019\/11\/piscina-con-vistas-en-genova-mallorca-1024x576.jpg 1024w, https:\/\/www.europeanrealestate.org\/blog\/wp-content\/uploads\/2019\/11\/piscina-con-vistas-en-genova-mallorca-300x169.jpg 300w, https:\/\/www.europeanrealestate.org\/blog\/wp-content\/uploads\/2019\/11\/piscina-con-vistas-en-genova-mallorca-768x432.jpg 768w, https:\/\/www.europeanrealestate.org\/blog\/wp-content\/uploads\/2019\/11\/piscina-con-vistas-en-genova-mallorca.jpg 1920w\" sizes=\"(max-width: 780px) 100vw, 780px\" \/>\n\t\t\t<\/div><\/figure><figure class='gallery-item'>\n\t\t\t<div class='gallery-icon landscape'>\n\t\t\t\t<img loading=\"lazy\" decoding=\"async\" width=\"780\" height=\"439\" src=\"https:\/\/www.europeanrealestate.org\/blog\/wp-content\/uploads\/2019\/11\/luminoso-salon-con-acceso-a-terraza-1024x576.jpg\" class=\"attachment-large size-large\" alt=\"Casa con terraza y piscina en venta en G\u00e9nova, Mallorca\" srcset=\"https:\/\/www.europeanrealestate.org\/blog\/wp-content\/uploads\/2019\/11\/luminoso-salon-con-acceso-a-terraza-1024x576.jpg 1024w, https:\/\/www.europeanrealestate.org\/blog\/wp-content\/uploads\/2019\/11\/luminoso-salon-con-acceso-a-terraza-300x169.jpg 300w, https:\/\/www.europeanrealestate.org\/blog\/wp-content\/uploads\/2019\/11\/luminoso-salon-con-acceso-a-terraza-768x432.jpg 768w, https:\/\/www.europeanrealestate.org\/blog\/wp-content\/uploads\/2019\/11\/luminoso-salon-con-acceso-a-terraza.jpg 1920w\" sizes=\"(max-width: 780px) 100vw, 780px\" \/>\n\t\t\t<\/div><\/figure>\n\t\t<\/div>\n\n<p>Si por el contrario, prefiere vivir cerca de la capital de la isla, encontrar\u00e1 esta <a href=\"http:\/\/www.europeanrealestate.org\/es\/referral\/LBC1066\/\" target=\"_blank\" rel=\"noopener noreferrer\"><strong>encantadora villa con vistas a la bah\u00eda de Palma<\/strong><\/a>. La propiedad est\u00e1 situada en el barrio de G\u00e9nova, a solo 5 minutos en coche del centro de Palma.<\/p>\n<p>Con una superficie de 645m2, la vivienda ofrece un total de seis dormitorios y cinco ba\u00f1os, dos cocinas, un luminoso sal\u00f3n comedor con chimenea y salida a una fabulosa terraza con vistas al mar. Destaca, adem\u00e1s de su <strong>bodega y spa con piscina interior<\/strong>, su magn\u00edfico exterior en el que encontrar\u00e1 un jard\u00edn y piscina, zona barbacoa y garaje.<\/p>\n<div id='gallery-4' class='gallery galleryid-10010 gallery-columns-2 gallery-size-large'><figure class='gallery-item'>\n\t\t\t<div class='gallery-icon landscape'>\n\t\t\t\t<img loading=\"lazy\" decoding=\"async\" width=\"780\" height=\"439\" src=\"https:\/\/www.europeanrealestate.org\/blog\/wp-content\/uploads\/2019\/11\/exquisita-terraza-con-vistas-al-mar-en-cap-adriano-e1573644174552-1024x576.jpg\" class=\"attachment-large size-large\" alt=\"Villa de lujo con vistas al mar en venta en Cap Adriano, Mallorca\" srcset=\"https:\/\/www.europeanrealestate.org\/blog\/wp-content\/uploads\/2019\/11\/exquisita-terraza-con-vistas-al-mar-en-cap-adriano-e1573644174552-1024x576.jpg 1024w, https:\/\/www.europeanrealestate.org\/blog\/wp-content\/uploads\/2019\/11\/exquisita-terraza-con-vistas-al-mar-en-cap-adriano-e1573644174552-300x169.jpg 300w, https:\/\/www.europeanrealestate.org\/blog\/wp-content\/uploads\/2019\/11\/exquisita-terraza-con-vistas-al-mar-en-cap-adriano-e1573644174552-768x432.jpg 768w, https:\/\/www.europeanrealestate.org\/blog\/wp-content\/uploads\/2019\/11\/exquisita-terraza-con-vistas-al-mar-en-cap-adriano-e1573644174552.jpg 2000w\" sizes=\"(max-width: 780px) 100vw, 780px\" \/>\n\t\t\t<\/div><\/figure><figure class='gallery-item'>\n\t\t\t<div class='gallery-icon landscape'>\n\t\t\t\t<img loading=\"lazy\" decoding=\"async\" width=\"780\" height=\"439\" src=\"https:\/\/www.europeanrealestate.org\/blog\/wp-content\/uploads\/2019\/11\/elegante-sal\u00f3n-con-vistas-al-mar-villa-en-venta-en-cap-adriano-mallorca-e1573644127682-1024x576.jpg\" class=\"attachment-large size-large\" alt=\"Sal\u00f3n con vistas al mar - Villa en venta en Cap adriano, Mallorca\" srcset=\"https:\/\/www.europeanrealestate.org\/blog\/wp-content\/uploads\/2019\/11\/elegante-sal\u00f3n-con-vistas-al-mar-villa-en-venta-en-cap-adriano-mallorca-e1573644127682-1024x576.jpg 1024w, https:\/\/www.europeanrealestate.org\/blog\/wp-content\/uploads\/2019\/11\/elegante-sal\u00f3n-con-vistas-al-mar-villa-en-venta-en-cap-adriano-mallorca-e1573644127682-300x169.jpg 300w, https:\/\/www.europeanrealestate.org\/blog\/wp-content\/uploads\/2019\/11\/elegante-sal\u00f3n-con-vistas-al-mar-villa-en-venta-en-cap-adriano-mallorca-e1573644127682-768x432.jpg 768w, https:\/\/www.europeanrealestate.org\/blog\/wp-content\/uploads\/2019\/11\/elegante-sal\u00f3n-con-vistas-al-mar-villa-en-venta-en-cap-adriano-mallorca-e1573644127682.jpg 2000w\" sizes=\"(max-width: 780px) 100vw, 780px\" \/>\n\t\t\t<\/div><\/figure>\n\t\t<\/div>\n\n<p>Hemos querido dejar para el final una de las casas m\u00e1s exclusivas. Se trata de una <a href=\"http:\/\/www.europeanrealestate.org\/es\/referral\/LBC1034\/\" target=\"_blank\" rel=\"noopener noreferrer\"><strong>villa de 1401m2 en venta en Cap Adriano<\/strong><\/a> que cuenta con una ubicaci\u00f3n excepcional, ya que est\u00e1 muy cerca del animado Port Adriano y el campo de golf.<\/p>\n<p>Su interior est\u00e1 construido con materiales y acabados de la m\u00e1s alta calidad. Comprende seis espaciosos dormitorios y seis ba\u00f1os, m\u00e1s dos aseos de cortes\u00eda, un elegante sal\u00f3n comedor con cocina de concepto abierto. Pero la verdadera joya de la corona es, sin duda, su exterior. La villa dispone de varias terrazas y zonas de relax, junto a una excepcional piscina desde las que podr\u00e1 disfrutar de unas <strong>maravillosas vistas al mar<\/strong>.<\/p>\n<p>Esta es solo una peque\u00f1a selecci\u00f3n de las propiedades del portfolio de nuestro miembro <a href=\"https:\/\/www.europeanrealestate.org\/es\/agencias-inmobiliarias\/living-by-carlos\" target=\"_blank\" rel=\"noopener noreferrer\">Living by Carlos<\/a>. Si desea ver otras casas en venta en Mallorca, le invitamos a que visite nuestra web a trav\u00e9s del siguiente <a href=\"https:\/\/www.europeanrealestate.org\/es\/comprar\/villas-casas-chalets\/espana\/mallorca\" target=\"_blank\" rel=\"noopener noreferrer\">enlace<\/a>.<\/p>\n","protected":false},"excerpt":{"rendered":"<p>Oto\u00f1o es una de las mejores \u00e9pocas para adquirir una vivienda, por ello queremos proponerle cuatro casas en venta en Mallorca perfectas como casa vacacional o para vivir todo el a\u00f1o.<\/p>\n","protected":false},"author":10,"featured_media":10021,"comment_status":"closed","ping_status":"closed","sticky":false,"template":"","format":"standard","meta":{"footnotes":""},"categories":[1091],"tags":[5637,5794,5818,5786,5804,5749],"yoast_head":"<!-- This site is optimized with the Yoast SEO plugin v23.0 - https:\/\/yoast.com\/wordpress\/plugins\/seo\/ -->\n<title>4 casas de lujo con vistas al mar en venta en Mallorca | EREN<\/title>\n<meta name=\"description\" content=\"Si desea establecerse en Espa\u00f1a, busca invertir en un inmueble o quiere comprar una casa vacacional en Mallorca, le proponemos 4 casas con vistas al mar.\" \/>\n<meta name=\"robots\" content=\"index, follow, max-snippet:-1, max-image-preview:large, max-video-preview:-1\" \/>\n<link rel=\"canonical\" href=\"https:\/\/www.europeanrealestate.org\/blog\/es\/4-casas-lujo-en-venta-vivir-mallorca\/\" \/>\n<meta property=\"og:locale\" content=\"es_ES\" \/>\n<meta property=\"og:type\" content=\"article\" \/>\n<meta property=\"og:title\" content=\"4 casas de lujo con vistas al mar en venta en Mallorca | EREN\" \/>\n<meta property=\"og:description\" content=\"Si desea establecerse en Espa\u00f1a, busca invertir en un inmueble o quiere comprar una casa vacacional en Mallorca, le proponemos 4 casas con vistas al mar.\" \/>\n<meta property=\"og:url\" content=\"https:\/\/www.europeanrealestate.org\/blog\/es\/4-casas-lujo-en-venta-vivir-mallorca\/\" \/>\n<meta property=\"og:site_name\" content=\"EREN\" \/>\n<meta property=\"article:published_time\" content=\"2019-11-14T07:00:20+00:00\" \/>\n<meta property=\"article:modified_time\" content=\"2019-11-13T15:11:30+00:00\" \/>\n<meta property=\"og:image\" content=\"https:\/\/www.europeanrealestate.org\/blog\/wp-content\/uploads\/2019\/11\/lujosa-villa-en-venta-en-cap-adriano-mallorca-e1573644301957.jpg\" \/>\n\t<meta property=\"og:image:width\" content=\"2000\" \/>\n\t<meta property=\"og:image:height\" content=\"1125\" \/>\n\t<meta property=\"og:image:type\" content=\"image\/jpeg\" \/>\n<meta name=\"author\" content=\"Living by Carlos\" \/>\n<meta name=\"twitter:card\" content=\"summary_large_image\" \/>\n<meta name=\"twitter:label1\" content=\"Escrito por\" \/>\n\t<meta name=\"twitter:data1\" content=\"Living by Carlos\" \/>\n\t<meta name=\"twitter:label2\" content=\"Tiempo de lectura\" \/>\n\t<meta name=\"twitter:data2\" content=\"4 minutos\" \/>\n<script type=\"application\/ld+json\" class=\"yoast-schema-graph\">{\"@context\":\"https:\/\/schema.org\",\"@graph\":[{\"@type\":\"Article\",\"@id\":\"https:\/\/www.europeanrealestate.org\/blog\/es\/4-casas-lujo-en-venta-vivir-mallorca\/#article\",\"isPartOf\":{\"@id\":\"https:\/\/www.europeanrealestate.org\/blog\/es\/4-casas-lujo-en-venta-vivir-mallorca\/\"},\"author\":{\"name\":\"Living by Carlos\",\"@id\":\"https:\/\/www.europeanrealestate.org\/blog\/#\/schema\/person\/e28e39ad15773d4c0309cd146e06b8b1\"},\"headline\":\"4 casas de lujo para vivir todo el a\u00f1o en Mallorca\",\"datePublished\":\"2019-11-14T07:00:20+00:00\",\"dateModified\":\"2019-11-13T15:11:30+00:00\",\"mainEntityOfPage\":{\"@id\":\"https:\/\/www.europeanrealestate.org\/blog\/es\/4-casas-lujo-en-venta-vivir-mallorca\/\"},\"wordCount\":792,\"publisher\":{\"@id\":\"https:\/\/www.europeanrealestate.org\/blog\/#organization\"},\"image\":{\"@id\":\"https:\/\/www.europeanrealestate.org\/blog\/es\/4-casas-lujo-en-venta-vivir-mallorca\/#primaryimage\"},\"thumbnailUrl\":\"https:\/\/www.europeanrealestate.org\/blog\/wp-content\/uploads\/2019\/11\/lujosa-villa-en-venta-en-cap-adriano-mallorca-e1573644301957.jpg\",\"keywords\":[\"Casa vacacional\",\"Casas en Mallorca\",\"Espa\u00f1a\",\"Living by Carlos\",\"Para vivir todo el a\u00f1o\",\"Vistas al mar\"],\"articleSection\":[\"Propiedades destacadas\"],\"inLanguage\":\"es\"},{\"@type\":\"WebPage\",\"@id\":\"https:\/\/www.europeanrealestate.org\/blog\/es\/4-casas-lujo-en-venta-vivir-mallorca\/\",\"url\":\"https:\/\/www.europeanrealestate.org\/blog\/es\/4-casas-lujo-en-venta-vivir-mallorca\/\",\"name\":\"4 casas de lujo con vistas al mar en venta en Mallorca | EREN\",\"isPartOf\":{\"@id\":\"https:\/\/www.europeanrealestate.org\/blog\/#website\"},\"primaryImageOfPage\":{\"@id\":\"https:\/\/www.europeanrealestate.org\/blog\/es\/4-casas-lujo-en-venta-vivir-mallorca\/#primaryimage\"},\"image\":{\"@id\":\"https:\/\/www.europeanrealestate.org\/blog\/es\/4-casas-lujo-en-venta-vivir-mallorca\/#primaryimage\"},\"thumbnailUrl\":\"https:\/\/www.europeanrealestate.org\/blog\/wp-content\/uploads\/2019\/11\/lujosa-villa-en-venta-en-cap-adriano-mallorca-e1573644301957.jpg\",\"datePublished\":\"2019-11-14T07:00:20+00:00\",\"dateModified\":\"2019-11-13T15:11:30+00:00\",\"description\":\"Si desea establecerse en Espa\u00f1a, busca invertir en un inmueble o quiere comprar una casa vacacional en Mallorca, le proponemos 4 casas con vistas al mar.\",\"breadcrumb\":{\"@id\":\"https:\/\/www.europeanrealestate.org\/blog\/es\/4-casas-lujo-en-venta-vivir-mallorca\/#breadcrumb\"},\"inLanguage\":\"es\",\"potentialAction\":[{\"@type\":\"ReadAction\",\"target\":[\"https:\/\/www.europeanrealestate.org\/blog\/es\/4-casas-lujo-en-venta-vivir-mallorca\/\"]}]},{\"@type\":\"ImageObject\",\"inLanguage\":\"es\",\"@id\":\"https:\/\/www.europeanrealestate.org\/blog\/es\/4-casas-lujo-en-venta-vivir-mallorca\/#primaryimage\",\"url\":\"https:\/\/www.europeanrealestate.org\/blog\/wp-content\/uploads\/2019\/11\/lujosa-villa-en-venta-en-cap-adriano-mallorca-e1573644301957.jpg\",\"contentUrl\":\"https:\/\/www.europeanrealestate.org\/blog\/wp-content\/uploads\/2019\/11\/lujosa-villa-en-venta-en-cap-adriano-mallorca-e1573644301957.jpg\",\"width\":2000,\"height\":1125,\"caption\":\"Lujosa villa en venta en Cap Adriano, Mallorca\"},{\"@type\":\"BreadcrumbList\",\"@id\":\"https:\/\/www.europeanrealestate.org\/blog\/es\/4-casas-lujo-en-venta-vivir-mallorca\/#breadcrumb\",\"itemListElement\":[{\"@type\":\"ListItem\",\"position\":1,\"name\":\"Home\",\"item\":\"https:\/\/www.europeanrealestate.org\/blog\/\"},{\"@type\":\"ListItem\",\"position\":2,\"name\":\"4 casas de lujo para vivir todo el a\u00f1o en Mallorca\"}]},{\"@type\":\"WebSite\",\"@id\":\"https:\/\/www.europeanrealestate.org\/blog\/#website\",\"url\":\"https:\/\/www.europeanrealestate.org\/blog\/\",\"name\":\"EREN\",\"description\":\"European Real Estate Network\",\"publisher\":{\"@id\":\"https:\/\/www.europeanrealestate.org\/blog\/#organization\"},\"potentialAction\":[{\"@type\":\"SearchAction\",\"target\":{\"@type\":\"EntryPoint\",\"urlTemplate\":\"https:\/\/www.europeanrealestate.org\/blog\/?s={search_term_string}\"},\"query-input\":\"required name=search_term_string\"}],\"inLanguage\":\"es\"},{\"@type\":\"Organization\",\"@id\":\"https:\/\/www.europeanrealestate.org\/blog\/#organization\",\"name\":\"EREN\",\"url\":\"https:\/\/www.europeanrealestate.org\/blog\/\",\"logo\":{\"@type\":\"ImageObject\",\"inLanguage\":\"es\",\"@id\":\"https:\/\/www.europeanrealestate.org\/blog\/#\/schema\/logo\/image\/\",\"url\":\"https:\/\/www.europeanrealestate.org\/blog\/wp-content\/uploads\/2019\/05\/EREN_LOGO.svg\",\"contentUrl\":\"https:\/\/www.europeanrealestate.org\/blog\/wp-content\/uploads\/2019\/05\/EREN_LOGO.svg\",\"width\":184,\"height\":14,\"caption\":\"EREN\"},\"image\":{\"@id\":\"https:\/\/www.europeanrealestate.org\/blog\/#\/schema\/logo\/image\/\"}},{\"@type\":\"Person\",\"@id\":\"https:\/\/www.europeanrealestate.org\/blog\/#\/schema\/person\/e28e39ad15773d4c0309cd146e06b8b1\",\"name\":\"Living by Carlos\",\"image\":{\"@type\":\"ImageObject\",\"inLanguage\":\"es\",\"@id\":\"https:\/\/www.europeanrealestate.org\/blog\/#\/schema\/person\/image\/\",\"url\":\"https:\/\/secure.gravatar.com\/avatar\/ca2bf6b7e9b33013cb27f7bb75dc07c1?s=96&d=mm&r=g\",\"contentUrl\":\"https:\/\/secure.gravatar.com\/avatar\/ca2bf6b7e9b33013cb27f7bb75dc07c1?s=96&d=mm&r=g\",\"caption\":\"Living by Carlos\"},\"url\":\"https:\/\/www.europeanrealestate.org\/blog\/author\/livingbycarlos\/\"}]}<\/script>\n<!-- \/ Yoast SEO plugin. -->","yoast_head_json":{"title":"4 casas de lujo con vistas al mar en venta en Mallorca | EREN","description":"Si desea establecerse en Espa\u00f1a, busca invertir en un inmueble o quiere comprar una casa vacacional en Mallorca, le proponemos 4 casas con vistas al mar.","robots":{"index":"index","follow":"follow","max-snippet":"max-snippet:-1","max-image-preview":"max-image-preview:large","max-video-preview":"max-video-preview:-1"},"canonical":"https:\/\/www.europeanrealestate.org\/blog\/es\/4-casas-lujo-en-venta-vivir-mallorca\/","og_locale":"es_ES","og_type":"article","og_title":"4 casas de lujo con vistas al mar en venta en Mallorca | EREN","og_description":"Si desea establecerse en Espa\u00f1a, busca invertir en un inmueble o quiere comprar una casa vacacional en Mallorca, le proponemos 4 casas con vistas al mar.","og_url":"https:\/\/www.europeanrealestate.org\/blog\/es\/4-casas-lujo-en-venta-vivir-mallorca\/","og_site_name":"EREN","article_published_time":"2019-11-14T07:00:20+00:00","article_modified_time":"2019-11-13T15:11:30+00:00","og_image":[{"width":2000,"height":1125,"url":"https:\/\/www.europeanrealestate.org\/blog\/wp-content\/uploads\/2019\/11\/lujosa-villa-en-venta-en-cap-adriano-mallorca-e1573644301957.jpg","type":"image\/jpeg"}],"author":"Living by Carlos","twitter_card":"summary_large_image","twitter_misc":{"Escrito por":"Living by Carlos","Tiempo de lectura":"4 minutos"},"schema":{"@context":"https:\/\/schema.org","@graph":[{"@type":"Article","@id":"https:\/\/www.europeanrealestate.org\/blog\/es\/4-casas-lujo-en-venta-vivir-mallorca\/#article","isPartOf":{"@id":"https:\/\/www.europeanrealestate.org\/blog\/es\/4-casas-lujo-en-venta-vivir-mallorca\/"},"author":{"name":"Living by Carlos","@id":"https:\/\/www.europeanrealestate.org\/blog\/#\/schema\/person\/e28e39ad15773d4c0309cd146e06b8b1"},"headline":"4 casas de lujo para vivir todo el a\u00f1o en Mallorca","datePublished":"2019-11-14T07:00:20+00:00","dateModified":"2019-11-13T15:11:30+00:00","mainEntityOfPage":{"@id":"https:\/\/www.europeanrealestate.org\/blog\/es\/4-casas-lujo-en-venta-vivir-mallorca\/"},"wordCount":792,"publisher":{"@id":"https:\/\/www.europeanrealestate.org\/blog\/#organization"},"image":{"@id":"https:\/\/www.europeanrealestate.org\/blog\/es\/4-casas-lujo-en-venta-vivir-mallorca\/#primaryimage"},"thumbnailUrl":"https:\/\/www.europeanrealestate.org\/blog\/wp-content\/uploads\/2019\/11\/lujosa-villa-en-venta-en-cap-adriano-mallorca-e1573644301957.jpg","keywords":["Casa vacacional","Casas en Mallorca","Espa\u00f1a","Living by Carlos","Para vivir todo el a\u00f1o","Vistas al mar"],"articleSection":["Propiedades destacadas"],"inLanguage":"es"},{"@type":"WebPage","@id":"https:\/\/www.europeanrealestate.org\/blog\/es\/4-casas-lujo-en-venta-vivir-mallorca\/","url":"https:\/\/www.europeanrealestate.org\/blog\/es\/4-casas-lujo-en-venta-vivir-mallorca\/","name":"4 casas de lujo con vistas al mar en venta en Mallorca | EREN","isPartOf":{"@id":"https:\/\/www.europeanrealestate.org\/blog\/#website"},"primaryImageOfPage":{"@id":"https:\/\/www.europeanrealestate.org\/blog\/es\/4-casas-lujo-en-venta-vivir-mallorca\/#primaryimage"},"image":{"@id":"https:\/\/www.europeanrealestate.org\/blog\/es\/4-casas-lujo-en-venta-vivir-mallorca\/#primaryimage"},"thumbnailUrl":"https:\/\/www.europeanrealestate.org\/blog\/wp-content\/uploads\/2019\/11\/lujosa-villa-en-venta-en-cap-adriano-mallorca-e1573644301957.jpg","datePublished":"2019-11-14T07:00:20+00:00","dateModified":"2019-11-13T15:11:30+00:00","description":"Si desea establecerse en Espa\u00f1a, busca invertir en un inmueble o quiere comprar una casa vacacional en Mallorca, le proponemos 4 casas con vistas al mar.","breadcrumb":{"@id":"https:\/\/www.europeanrealestate.org\/blog\/es\/4-casas-lujo-en-venta-vivir-mallorca\/#breadcrumb"},"inLanguage":"es","potentialAction":[{"@type":"ReadAction","target":["https:\/\/www.europeanrealestate.org\/blog\/es\/4-casas-lujo-en-venta-vivir-mallorca\/"]}]},{"@type":"ImageObject","inLanguage":"es","@id":"https:\/\/www.europeanrealestate.org\/blog\/es\/4-casas-lujo-en-venta-vivir-mallorca\/#primaryimage","url":"https:\/\/www.europeanrealestate.org\/blog\/wp-content\/uploads\/2019\/11\/lujosa-villa-en-venta-en-cap-adriano-mallorca-e1573644301957.jpg","contentUrl":"https:\/\/www.europeanrealestate.org\/blog\/wp-content\/uploads\/2019\/11\/lujosa-villa-en-venta-en-cap-adriano-mallorca-e1573644301957.jpg","width":2000,"height":1125,"caption":"Lujosa villa en venta en Cap Adriano, Mallorca"},{"@type":"BreadcrumbList","@id":"https:\/\/www.europeanrealestate.org\/blog\/es\/4-casas-lujo-en-venta-vivir-mallorca\/#breadcrumb","itemListElement":[{"@type":"ListItem","position":1,"name":"Home","item":"https:\/\/www.europeanrealestate.org\/blog\/"},{"@type":"ListItem","position":2,"name":"4 casas de lujo para vivir todo el a\u00f1o en Mallorca"}]},{"@type":"WebSite","@id":"https:\/\/www.europeanrealestate.org\/blog\/#website","url":"https:\/\/www.europeanrealestate.org\/blog\/","name":"EREN","description":"European Real Estate Network","publisher":{"@id":"https:\/\/www.europeanrealestate.org\/blog\/#organization"},"potentialAction":[{"@type":"SearchAction","target":{"@type":"EntryPoint","urlTemplate":"https:\/\/www.europeanrealestate.org\/blog\/?s={search_term_string}"},"query-input":"required name=search_term_string"}],"inLanguage":"es"},{"@type":"Organization","@id":"https:\/\/www.europeanrealestate.org\/blog\/#organization","name":"EREN","url":"https:\/\/www.europeanrealestate.org\/blog\/","logo":{"@type":"ImageObject","inLanguage":"es","@id":"https:\/\/www.europeanrealestate.org\/blog\/#\/schema\/logo\/image\/","url":"https:\/\/www.europeanrealestate.org\/blog\/wp-content\/uploads\/2019\/05\/EREN_LOGO.svg","contentUrl":"https:\/\/www.europeanrealestate.org\/blog\/wp-content\/uploads\/2019\/05\/EREN_LOGO.svg","width":184,"height":14,"caption":"EREN"},"image":{"@id":"https:\/\/www.europeanrealestate.org\/blog\/#\/schema\/logo\/image\/"}},{"@type":"Person","@id":"https:\/\/www.europeanrealestate.org\/blog\/#\/schema\/person\/e28e39ad15773d4c0309cd146e06b8b1","name":"Living by Carlos","image":{"@type":"ImageObject","inLanguage":"es","@id":"https:\/\/www.europeanrealestate.org\/blog\/#\/schema\/person\/image\/","url":"https:\/\/secure.gravatar.com\/avatar\/ca2bf6b7e9b33013cb27f7bb75dc07c1?s=96&d=mm&r=g","contentUrl":"https:\/\/secure.gravatar.com\/avatar\/ca2bf6b7e9b33013cb27f7bb75dc07c1?s=96&d=mm&r=g","caption":"Living by Carlos"},"url":"https:\/\/www.europeanrealestate.org\/blog\/author\/livingbycarlos\/"}]}},"_links":{"self":[{"href":"https:\/\/www.europeanrealestate.org\/blog\/wp-json\/wp\/v2\/posts\/10010"}],"collection":[{"href":"https:\/\/www.europeanrealestate.org\/blog\/wp-json\/wp\/v2\/posts"}],"about":[{"href":"https:\/\/www.europeanrealestate.org\/blog\/wp-json\/wp\/v2\/types\/post"}],"author":[{"embeddable":true,"href":"https:\/\/www.europeanrealestate.org\/blog\/wp-json\/wp\/v2\/users\/10"}],"replies":[{"embeddable":true,"href":"https:\/\/www.europeanrealestate.org\/blog\/wp-json\/wp\/v2\/comments?post=10010"}],"version-history":[{"count":7,"href":"https:\/\/www.europeanrealestate.org\/blog\/wp-json\/wp\/v2\/posts\/10010\/revisions"}],"predecessor-version":[{"id":10032,"href":"https:\/\/www.europeanrealestate.org\/blog\/wp-json\/wp\/v2\/posts\/10010\/revisions\/10032"}],"wp:featuredmedia":[{"embeddable":true,"href":"https:\/\/www.europeanrealestate.org\/blog\/wp-json\/wp\/v2\/media\/10021"}],"wp:attachment":[{"href":"https:\/\/www.europeanrealestate.org\/blog\/wp-json\/wp\/v2\/media?parent=10010"}],"wp:term":[{"taxonomy":"category","embeddable":true,"href":"https:\/\/www.europeanrealestate.org\/blog\/wp-json\/wp\/v2\/categories?post=10010"},{"taxonomy":"post_tag","embeddable":true,"href":"https:\/\/www.europeanrealestate.org\/blog\/wp-json\/wp\/v2\/tags?post=10010"}],"curies":[{"name":"wp","href":"https:\/\/api.w.org\/{rel}","templated":true}]}}