{"id":10062,"date":"2019-11-20T09:00:19","date_gmt":"2019-11-20T07:00:19","guid":{"rendered":"https:\/\/www.europeanrealestate.org\/blog\/?p=10062"},"modified":"2019-11-20T17:52:50","modified_gmt":"2019-11-20T15:52:50","slug":"immobilsarda-arquitectura-sostenible-cerdena","status":"publish","type":"post","link":"https:\/\/www.europeanrealestate.org\/blog\/es\/immobilsarda-arquitectura-sostenible-cerdena\/","title":{"rendered":"ImmobilSarda y la arquitectura sostenible en Cerde\u00f1a"},"content":{"rendered":"<p>Desde hace 45 a\u00f1os ImmobilSarda busca la singularidad en las ubicaciones, caracter\u00edsticas y la calidad constructiva de las viviendas de su portfolio.<\/p>\n<p><a href=\"https:\/\/www.europeanrealestate.org\/es\/agencias-inmobiliarias\/immobilsarda\" target=\"_blank\" rel=\"noopener noreferrer\">ImmobilSarda<\/a> es una agencia l\u00edder dentro del sector inmobiliario de lujo de Cerde\u00f1a desde 1974. La misi\u00f3n de ImmobilSarda es la de <strong>valorar, preservar y dar a conocer la singularidad<\/strong> de lo que define como la \u201c<em>Nature Art Gallery<\/em>\u201d, haciendo referencia a la belleza pura <strong>de Gallura \u2013 Costa Smeralda<\/strong>. Es por ello que desde hace ya 45 a\u00f1os defienden temas como la conservaci\u00f3n, sostenibilidad e integraci\u00f3n medioambiental.<\/p>\n<p>ImmobilSarda ha hecho del <strong>respeto por el entorno natural<\/strong> y el empleo de t\u00e9cnicas de construcci\u00f3n de bajo impacto su insignia personal, fomentando el uso y desarrollo de la <strong>bioconstrucci\u00f3n<\/strong> y la arquitectura sostenible en el territorio sardo. De hecho, afirman que solo en el respeto y la armon\u00eda entre naturaleza y hombre reside el bienestar duradero y genuino. ImmobilSarda est\u00e1 a la vanguardia en la promoci\u00f3n de un estilo de vida basado en el redescubrimiento de eso que hoy en d\u00eda llamamos bienestar mental.<\/p>\n<p><img loading=\"lazy\" decoding=\"async\" class=\"aligncenter wp-image-10093 size-full\" title=\"Proyecto de villa eco en Santa Teresa Hills\" src=\"https:\/\/www.europeanrealestate.org\/blog\/wp-content\/uploads\/2019\/11\/eco-friendly-villa-in-santa-teresa-hills.jpg\" alt=\"Proyecto de villa eco en Santa Teresa Hills, Cerde\u00f1a\" width=\"1280\" height=\"720\" srcset=\"https:\/\/www.europeanrealestate.org\/blog\/wp-content\/uploads\/2019\/11\/eco-friendly-villa-in-santa-teresa-hills.jpg 1280w, https:\/\/www.europeanrealestate.org\/blog\/wp-content\/uploads\/2019\/11\/eco-friendly-villa-in-santa-teresa-hills-300x169.jpg 300w, https:\/\/www.europeanrealestate.org\/blog\/wp-content\/uploads\/2019\/11\/eco-friendly-villa-in-santa-teresa-hills-768x432.jpg 768w, https:\/\/www.europeanrealestate.org\/blog\/wp-content\/uploads\/2019\/11\/eco-friendly-villa-in-santa-teresa-hills-1024x576.jpg 1024w\" sizes=\"(max-width: 1280px) 100vw, 1280px\" \/><\/p>\n<p>Una parte cada vez m\u00e1s grande del mercado est\u00e1 redescubriendo la necesidad de alejarse de los ritmos fren\u00e9ticos de la vida cotidiana y de la monoton\u00eda para sumergirse totalmente en la tranquilidad de la naturaleza. Hablamos del camino hacia el redescubrimiento de uno mismo, de los valores aut\u00e9nticos y del vivir bien, centr\u00e1ndose nuevamente en la b\u00fasqueda del <strong>bienestar y la calidad de vida<\/strong>. Gallura \u2013 Costa Smeralda, con su belleza salvaje, su maravillosa costa y paisajes, su agradable microclima siempre templado, es un lugar \u00fanico para explorar estas emociones, en el que podremos encontrar el <strong>lugar perfecto para vivir<\/strong>.<\/p>\n<h2><strong>La arquitectura sostenible en Cerde\u00f1a Smeralda<\/strong><\/h2>\n<p>El mercado de <strong>Gallura \u2013 Costa Smeralda<\/strong> dispone de una oferta limitada de inmuebles, debido a las leyes que desde los a\u00f1os setenta han tutelado y protegido la belleza pura de Cerde\u00f1a. ImmobilSarda ofrece en exclusiva <strong>casas ecol\u00f3gicas de nueva construcci\u00f3n junto al mar<\/strong>. Se trata de un proyecto innovador que combina las ubicaciones m\u00e1s pintorescas de Gallura \u2013 Costa Smeralda, con la tecnolog\u00eda m\u00e1s moderna; casas con una arquitectura sostenible, de bajo impacto ambiental e integradas perfectamente con el entorno natural, pensadas para encajar en armon\u00eda en el terreno y la morfolog\u00eda del lugar.<\/p>\n<p>Dotadas de todo tipo de comodidades y la <strong>tecnolog\u00eda m\u00e1s vanguardista<\/strong>, estas casas ecosostenibles han sido dise\u00f1adas como amplios espacios con mucha luz natural, en una perfecta fusi\u00f3n y simbiosis con el entorno circundante. Las espaciosas zonas de estar externas crean una m\u00e1xima fluidez y <strong>continuidad de los espacios internos y externos<\/strong>, eliminando la frontera entre dentro y fuera y haciendo de la parcela un lugar aislado; un espacio aut\u00f3nomo que garantiza la <strong>m\u00e1xima privacidad<\/strong> y tranquilidad.<\/p>\n<p><img loading=\"lazy\" decoding=\"async\" class=\"aligncenter wp-image-10065 size-full\" title=\"Terraza con vistas al mar - Villa Cuata\" src=\"https:\/\/www.europeanrealestate.org\/blog\/wp-content\/uploads\/2019\/11\/villa-cuata-e1574265072651.jpg\" alt=\"Villa Cuata: un ejemplo de arquitectura sostenible en Terravecchia\" width=\"1920\" height=\"1080\" srcset=\"https:\/\/www.europeanrealestate.org\/blog\/wp-content\/uploads\/2019\/11\/villa-cuata-e1574265072651.jpg 1920w, https:\/\/www.europeanrealestate.org\/blog\/wp-content\/uploads\/2019\/11\/villa-cuata-e1574265072651-300x169.jpg 300w, https:\/\/www.europeanrealestate.org\/blog\/wp-content\/uploads\/2019\/11\/villa-cuata-e1574265072651-768x432.jpg 768w, https:\/\/www.europeanrealestate.org\/blog\/wp-content\/uploads\/2019\/11\/villa-cuata-e1574265072651-1024x576.jpg 1024w\" sizes=\"(max-width: 1920px) 100vw, 1920px\" \/><\/p>\n<p>Las<strong> eco-casas<\/strong> se basan en la idea arquet\u00edpica del buen vivir, reinterpretando el dise\u00f1o de la casa t\u00edpica de Gallura. La novedad est\u00e1 al servicio de la tradici\u00f3n en un refinado juego de equilibrio entre formas, colores y sensaciones. El concepto b\u00e1sico de la arquitectura sostenible es, de hecho, el uso de <strong>materiales locales de calidad y techos verdes<\/strong> para garantizar una autentica continuidad con el entorno paisaj\u00edstico, as\u00ed como la m\u00e1xima atenci\u00f3n a la exposici\u00f3n solar y la eficiencia microclim\u00e1tica, aprovechando las cualidades intr\u00ednsecas del territorio para obtener las m\u00e1s altas prestaciones en t\u00e9rminos de confort y de protecci\u00f3n contra el viento, sin renunciar a la conservaci\u00f3n y respeto por el h\u00e1bitat y el territorio.<\/p>\n<p>Basta pensar en la innovadora <strong><a href=\"http:\/\/www.europeanrealestate.org\/it\/referral\/IMSTRV2255B\/\" target=\"_blank\" rel=\"noopener noreferrer\">Villa Cuata en Terravecchia<\/a><\/strong>, una vivienda eco con una vista al mar inigualable, piscina desbordante y modernas zonas exteriores, casi perdidas entre el granito pulido por el viento, en lo que podemos llamar un \u00abmuseo natural al aire libre\u00bb.<\/p>\n<p>Descubra tambi\u00e9n las <strong><a href=\"http:\/\/www.europeanrealestate.org\/es\/referral\/IMSBSR2788V\" target=\"_blank\" rel=\"noopener noreferrer\">casas ecol\u00f3gicas de Baia Santa Reparata<\/a><\/strong>, a solo 150 metros del mar, en las que podr\u00e1 contemplar la puesta de sol, caminando por sus terrazas verdes o desde el interior de la piscina infinita.<\/p>\n<p>Y por \u00faltimo, dejemos que el cliente d\u00e9 forma a su idea de bienestar en las nuevas <strong><a href=\"http:\/\/www.ImmobilSarda.com\/en\/complessi\/54-santa-teresa-hills.html\" target=\"_blank\" rel=\"noopener noreferrer\">parcelas en Santa Teresa Hills<\/a><\/strong> que, con una superficie de entre 1500 y 4500 m2, ofrecen unas magn\u00edficas vistas del archipi\u00e9lago de La Maddalena.<\/p>\n<p>No s\u00f3lo hablamos de una nueva forma de vida, sino de una oportunidad inmobiliaria realmente \u00fanica.<\/p>\n","protected":false},"excerpt":{"rendered":"<p>ImmobilSarda da gran importancia a la protecci\u00f3n del medioambiente, en particular al bello entorno de Gallura-Costa Smeralda. Por este motivo, promueve el uso y el desarrollo de la arquitectura sostenible y de viviendas respetuosas con el medioambiente en t\u00e9rminos de sostenibilidad e integraci\u00f3n.<\/p>\n","protected":false},"author":7,"featured_media":10066,"comment_status":"closed","ping_status":"closed","sticky":false,"template":"","format":"standard","meta":{"footnotes":""},"categories":[1091,3065],"tags":[5265,5301,5287,5249,5271,5848,5836,5291],"yoast_head":"<!-- This site is optimized with the Yoast SEO plugin v23.0 - https:\/\/yoast.com\/wordpress\/plugins\/seo\/ -->\n<title>Arquitectura sostenible: ImmobilSarda y las casas eco en Cerde\u00f1a | EREN<\/title>\n<meta name=\"description\" content=\"ImmobilSarda promueve desde hace ya 45 a\u00f1os el desarrollo de la arquitectura sostenible para valorizar y preservar la belleza de Gallura-Costa Smeralda.\" \/>\n<meta name=\"robots\" content=\"index, follow, max-snippet:-1, max-image-preview:large, max-video-preview:-1\" \/>\n<link rel=\"canonical\" href=\"https:\/\/www.europeanrealestate.org\/blog\/es\/immobilsarda-arquitectura-sostenible-cerdena\/\" \/>\n<meta property=\"og:locale\" content=\"es_ES\" \/>\n<meta property=\"og:type\" content=\"article\" \/>\n<meta property=\"og:title\" content=\"Arquitectura sostenible: ImmobilSarda y las casas eco en Cerde\u00f1a | EREN\" \/>\n<meta property=\"og:description\" content=\"ImmobilSarda promueve desde hace ya 45 a\u00f1os el desarrollo de la arquitectura sostenible para valorizar y preservar la belleza de Gallura-Costa Smeralda.\" \/>\n<meta property=\"og:url\" content=\"https:\/\/www.europeanrealestate.org\/blog\/es\/immobilsarda-arquitectura-sostenible-cerdena\/\" \/>\n<meta property=\"og:site_name\" content=\"EREN\" \/>\n<meta property=\"article:published_time\" content=\"2019-11-20T07:00:19+00:00\" \/>\n<meta property=\"article:modified_time\" content=\"2019-11-20T15:52:50+00:00\" \/>\n<meta property=\"og:image\" content=\"https:\/\/www.europeanrealestate.org\/blog\/wp-content\/uploads\/2019\/11\/villa-cuata-1-e1574176874989.jpg\" \/>\n\t<meta property=\"og:image:width\" content=\"1920\" \/>\n\t<meta property=\"og:image:height\" content=\"1080\" \/>\n\t<meta property=\"og:image:type\" content=\"image\/jpeg\" \/>\n<meta name=\"author\" content=\"Immobilsarda\" \/>\n<meta name=\"twitter:card\" content=\"summary_large_image\" \/>\n<meta name=\"twitter:label1\" content=\"Escrito por\" \/>\n\t<meta name=\"twitter:data1\" content=\"Immobilsarda\" \/>\n\t<meta name=\"twitter:label2\" content=\"Tiempo de lectura\" \/>\n\t<meta name=\"twitter:data2\" content=\"4 minutos\" \/>\n<script type=\"application\/ld+json\" class=\"yoast-schema-graph\">{\"@context\":\"https:\/\/schema.org\",\"@graph\":[{\"@type\":\"Article\",\"@id\":\"https:\/\/www.europeanrealestate.org\/blog\/es\/immobilsarda-arquitectura-sostenible-cerdena\/#article\",\"isPartOf\":{\"@id\":\"https:\/\/www.europeanrealestate.org\/blog\/es\/immobilsarda-arquitectura-sostenible-cerdena\/\"},\"author\":{\"name\":\"Immobilsarda\",\"@id\":\"https:\/\/www.europeanrealestate.org\/blog\/#\/schema\/person\/baeeee326c4f3add62cc4589d75942d9\"},\"headline\":\"ImmobilSarda y la arquitectura sostenible en Cerde\u00f1a\",\"datePublished\":\"2019-11-20T07:00:19+00:00\",\"dateModified\":\"2019-11-20T15:52:50+00:00\",\"mainEntityOfPage\":{\"@id\":\"https:\/\/www.europeanrealestate.org\/blog\/es\/immobilsarda-arquitectura-sostenible-cerdena\/\"},\"wordCount\":763,\"publisher\":{\"@id\":\"https:\/\/www.europeanrealestate.org\/blog\/#organization\"},\"image\":{\"@id\":\"https:\/\/www.europeanrealestate.org\/blog\/es\/immobilsarda-arquitectura-sostenible-cerdena\/#primaryimage\"},\"thumbnailUrl\":\"https:\/\/www.europeanrealestate.org\/blog\/wp-content\/uploads\/2019\/11\/villa-cuata-1-e1574176874989.jpg\",\"keywords\":[\"Arquitectura sostenible\",\"Baia Santa Reparata\",\"Cerde\u00f1a\",\"Ecosostenibilidad\",\"Immobilsarda\",\"Santa Teresa Hills\",\"Terravecchia\",\"Villas en Cerde\u00f1a\"],\"articleSection\":[\"Propiedades destacadas\",\"Tecnolog\u00eda e Innovaci\u00f3n\"],\"inLanguage\":\"es\"},{\"@type\":\"WebPage\",\"@id\":\"https:\/\/www.europeanrealestate.org\/blog\/es\/immobilsarda-arquitectura-sostenible-cerdena\/\",\"url\":\"https:\/\/www.europeanrealestate.org\/blog\/es\/immobilsarda-arquitectura-sostenible-cerdena\/\",\"name\":\"Arquitectura sostenible: ImmobilSarda y las casas eco en Cerde\u00f1a | EREN\",\"isPartOf\":{\"@id\":\"https:\/\/www.europeanrealestate.org\/blog\/#website\"},\"primaryImageOfPage\":{\"@id\":\"https:\/\/www.europeanrealestate.org\/blog\/es\/immobilsarda-arquitectura-sostenible-cerdena\/#primaryimage\"},\"image\":{\"@id\":\"https:\/\/www.europeanrealestate.org\/blog\/es\/immobilsarda-arquitectura-sostenible-cerdena\/#primaryimage\"},\"thumbnailUrl\":\"https:\/\/www.europeanrealestate.org\/blog\/wp-content\/uploads\/2019\/11\/villa-cuata-1-e1574176874989.jpg\",\"datePublished\":\"2019-11-20T07:00:19+00:00\",\"dateModified\":\"2019-11-20T15:52:50+00:00\",\"description\":\"ImmobilSarda promueve desde hace ya 45 a\u00f1os el desarrollo de la arquitectura sostenible para valorizar y preservar la belleza de Gallura-Costa Smeralda.\",\"breadcrumb\":{\"@id\":\"https:\/\/www.europeanrealestate.org\/blog\/es\/immobilsarda-arquitectura-sostenible-cerdena\/#breadcrumb\"},\"inLanguage\":\"es\",\"potentialAction\":[{\"@type\":\"ReadAction\",\"target\":[\"https:\/\/www.europeanrealestate.org\/blog\/es\/immobilsarda-arquitectura-sostenible-cerdena\/\"]}]},{\"@type\":\"ImageObject\",\"inLanguage\":\"es\",\"@id\":\"https:\/\/www.europeanrealestate.org\/blog\/es\/immobilsarda-arquitectura-sostenible-cerdena\/#primaryimage\",\"url\":\"https:\/\/www.europeanrealestate.org\/blog\/wp-content\/uploads\/2019\/11\/villa-cuata-1-e1574176874989.jpg\",\"contentUrl\":\"https:\/\/www.europeanrealestate.org\/blog\/wp-content\/uploads\/2019\/11\/villa-cuata-1-e1574176874989.jpg\",\"width\":1920,\"height\":1080,\"caption\":\"Casa con vistas al mar en Terravecchia\"},{\"@type\":\"BreadcrumbList\",\"@id\":\"https:\/\/www.europeanrealestate.org\/blog\/es\/immobilsarda-arquitectura-sostenible-cerdena\/#breadcrumb\",\"itemListElement\":[{\"@type\":\"ListItem\",\"position\":1,\"name\":\"Home\",\"item\":\"https:\/\/www.europeanrealestate.org\/blog\/\"},{\"@type\":\"ListItem\",\"position\":2,\"name\":\"ImmobilSarda y la arquitectura sostenible en Cerde\u00f1a\"}]},{\"@type\":\"WebSite\",\"@id\":\"https:\/\/www.europeanrealestate.org\/blog\/#website\",\"url\":\"https:\/\/www.europeanrealestate.org\/blog\/\",\"name\":\"EREN\",\"description\":\"European Real Estate Network\",\"publisher\":{\"@id\":\"https:\/\/www.europeanrealestate.org\/blog\/#organization\"},\"potentialAction\":[{\"@type\":\"SearchAction\",\"target\":{\"@type\":\"EntryPoint\",\"urlTemplate\":\"https:\/\/www.europeanrealestate.org\/blog\/?s={search_term_string}\"},\"query-input\":\"required name=search_term_string\"}],\"inLanguage\":\"es\"},{\"@type\":\"Organization\",\"@id\":\"https:\/\/www.europeanrealestate.org\/blog\/#organization\",\"name\":\"EREN\",\"url\":\"https:\/\/www.europeanrealestate.org\/blog\/\",\"logo\":{\"@type\":\"ImageObject\",\"inLanguage\":\"es\",\"@id\":\"https:\/\/www.europeanrealestate.org\/blog\/#\/schema\/logo\/image\/\",\"url\":\"https:\/\/www.europeanrealestate.org\/blog\/wp-content\/uploads\/2019\/05\/EREN_LOGO.svg\",\"contentUrl\":\"https:\/\/www.europeanrealestate.org\/blog\/wp-content\/uploads\/2019\/05\/EREN_LOGO.svg\",\"width\":184,\"height\":14,\"caption\":\"EREN\"},\"image\":{\"@id\":\"https:\/\/www.europeanrealestate.org\/blog\/#\/schema\/logo\/image\/\"}},{\"@type\":\"Person\",\"@id\":\"https:\/\/www.europeanrealestate.org\/blog\/#\/schema\/person\/baeeee326c4f3add62cc4589d75942d9\",\"name\":\"Immobilsarda\",\"image\":{\"@type\":\"ImageObject\",\"inLanguage\":\"es\",\"@id\":\"https:\/\/www.europeanrealestate.org\/blog\/#\/schema\/person\/image\/\",\"url\":\"https:\/\/secure.gravatar.com\/avatar\/76089bd354988ed1433be4ac0057e231?s=96&d=mm&r=g\",\"contentUrl\":\"https:\/\/secure.gravatar.com\/avatar\/76089bd354988ed1433be4ac0057e231?s=96&d=mm&r=g\",\"caption\":\"Immobilsarda\"},\"url\":\"https:\/\/www.europeanrealestate.org\/blog\/author\/immobilsarda\/\"}]}<\/script>\n<!-- \/ Yoast SEO plugin. -->","yoast_head_json":{"title":"Arquitectura sostenible: ImmobilSarda y las casas eco en Cerde\u00f1a | EREN","description":"ImmobilSarda promueve desde hace ya 45 a\u00f1os el desarrollo de la arquitectura sostenible para valorizar y preservar la belleza de Gallura-Costa Smeralda.","robots":{"index":"index","follow":"follow","max-snippet":"max-snippet:-1","max-image-preview":"max-image-preview:large","max-video-preview":"max-video-preview:-1"},"canonical":"https:\/\/www.europeanrealestate.org\/blog\/es\/immobilsarda-arquitectura-sostenible-cerdena\/","og_locale":"es_ES","og_type":"article","og_title":"Arquitectura sostenible: ImmobilSarda y las casas eco en Cerde\u00f1a | EREN","og_description":"ImmobilSarda promueve desde hace ya 45 a\u00f1os el desarrollo de la arquitectura sostenible para valorizar y preservar la belleza de Gallura-Costa Smeralda.","og_url":"https:\/\/www.europeanrealestate.org\/blog\/es\/immobilsarda-arquitectura-sostenible-cerdena\/","og_site_name":"EREN","article_published_time":"2019-11-20T07:00:19+00:00","article_modified_time":"2019-11-20T15:52:50+00:00","og_image":[{"width":1920,"height":1080,"url":"https:\/\/www.europeanrealestate.org\/blog\/wp-content\/uploads\/2019\/11\/villa-cuata-1-e1574176874989.jpg","type":"image\/jpeg"}],"author":"Immobilsarda","twitter_card":"summary_large_image","twitter_misc":{"Escrito por":"Immobilsarda","Tiempo de lectura":"4 minutos"},"schema":{"@context":"https:\/\/schema.org","@graph":[{"@type":"Article","@id":"https:\/\/www.europeanrealestate.org\/blog\/es\/immobilsarda-arquitectura-sostenible-cerdena\/#article","isPartOf":{"@id":"https:\/\/www.europeanrealestate.org\/blog\/es\/immobilsarda-arquitectura-sostenible-cerdena\/"},"author":{"name":"Immobilsarda","@id":"https:\/\/www.europeanrealestate.org\/blog\/#\/schema\/person\/baeeee326c4f3add62cc4589d75942d9"},"headline":"ImmobilSarda y la arquitectura sostenible en Cerde\u00f1a","datePublished":"2019-11-20T07:00:19+00:00","dateModified":"2019-11-20T15:52:50+00:00","mainEntityOfPage":{"@id":"https:\/\/www.europeanrealestate.org\/blog\/es\/immobilsarda-arquitectura-sostenible-cerdena\/"},"wordCount":763,"publisher":{"@id":"https:\/\/www.europeanrealestate.org\/blog\/#organization"},"image":{"@id":"https:\/\/www.europeanrealestate.org\/blog\/es\/immobilsarda-arquitectura-sostenible-cerdena\/#primaryimage"},"thumbnailUrl":"https:\/\/www.europeanrealestate.org\/blog\/wp-content\/uploads\/2019\/11\/villa-cuata-1-e1574176874989.jpg","keywords":["Arquitectura sostenible","Baia Santa Reparata","Cerde\u00f1a","Ecosostenibilidad","Immobilsarda","Santa Teresa Hills","Terravecchia","Villas en Cerde\u00f1a"],"articleSection":["Propiedades destacadas","Tecnolog\u00eda e Innovaci\u00f3n"],"inLanguage":"es"},{"@type":"WebPage","@id":"https:\/\/www.europeanrealestate.org\/blog\/es\/immobilsarda-arquitectura-sostenible-cerdena\/","url":"https:\/\/www.europeanrealestate.org\/blog\/es\/immobilsarda-arquitectura-sostenible-cerdena\/","name":"Arquitectura sostenible: ImmobilSarda y las casas eco en Cerde\u00f1a | EREN","isPartOf":{"@id":"https:\/\/www.europeanrealestate.org\/blog\/#website"},"primaryImageOfPage":{"@id":"https:\/\/www.europeanrealestate.org\/blog\/es\/immobilsarda-arquitectura-sostenible-cerdena\/#primaryimage"},"image":{"@id":"https:\/\/www.europeanrealestate.org\/blog\/es\/immobilsarda-arquitectura-sostenible-cerdena\/#primaryimage"},"thumbnailUrl":"https:\/\/www.europeanrealestate.org\/blog\/wp-content\/uploads\/2019\/11\/villa-cuata-1-e1574176874989.jpg","datePublished":"2019-11-20T07:00:19+00:00","dateModified":"2019-11-20T15:52:50+00:00","description":"ImmobilSarda promueve desde hace ya 45 a\u00f1os el desarrollo de la arquitectura sostenible para valorizar y preservar la belleza de Gallura-Costa Smeralda.","breadcrumb":{"@id":"https:\/\/www.europeanrealestate.org\/blog\/es\/immobilsarda-arquitectura-sostenible-cerdena\/#breadcrumb"},"inLanguage":"es","potentialAction":[{"@type":"ReadAction","target":["https:\/\/www.europeanrealestate.org\/blog\/es\/immobilsarda-arquitectura-sostenible-cerdena\/"]}]},{"@type":"ImageObject","inLanguage":"es","@id":"https:\/\/www.europeanrealestate.org\/blog\/es\/immobilsarda-arquitectura-sostenible-cerdena\/#primaryimage","url":"https:\/\/www.europeanrealestate.org\/blog\/wp-content\/uploads\/2019\/11\/villa-cuata-1-e1574176874989.jpg","contentUrl":"https:\/\/www.europeanrealestate.org\/blog\/wp-content\/uploads\/2019\/11\/villa-cuata-1-e1574176874989.jpg","width":1920,"height":1080,"caption":"Casa con vistas al mar en Terravecchia"},{"@type":"BreadcrumbList","@id":"https:\/\/www.europeanrealestate.org\/blog\/es\/immobilsarda-arquitectura-sostenible-cerdena\/#breadcrumb","itemListElement":[{"@type":"ListItem","position":1,"name":"Home","item":"https:\/\/www.europeanrealestate.org\/blog\/"},{"@type":"ListItem","position":2,"name":"ImmobilSarda y la arquitectura sostenible en Cerde\u00f1a"}]},{"@type":"WebSite","@id":"https:\/\/www.europeanrealestate.org\/blog\/#website","url":"https:\/\/www.europeanrealestate.org\/blog\/","name":"EREN","description":"European Real Estate Network","publisher":{"@id":"https:\/\/www.europeanrealestate.org\/blog\/#organization"},"potentialAction":[{"@type":"SearchAction","target":{"@type":"EntryPoint","urlTemplate":"https:\/\/www.europeanrealestate.org\/blog\/?s={search_term_string}"},"query-input":"required name=search_term_string"}],"inLanguage":"es"},{"@type":"Organization","@id":"https:\/\/www.europeanrealestate.org\/blog\/#organization","name":"EREN","url":"https:\/\/www.europeanrealestate.org\/blog\/","logo":{"@type":"ImageObject","inLanguage":"es","@id":"https:\/\/www.europeanrealestate.org\/blog\/#\/schema\/logo\/image\/","url":"https:\/\/www.europeanrealestate.org\/blog\/wp-content\/uploads\/2019\/05\/EREN_LOGO.svg","contentUrl":"https:\/\/www.europeanrealestate.org\/blog\/wp-content\/uploads\/2019\/05\/EREN_LOGO.svg","width":184,"height":14,"caption":"EREN"},"image":{"@id":"https:\/\/www.europeanrealestate.org\/blog\/#\/schema\/logo\/image\/"}},{"@type":"Person","@id":"https:\/\/www.europeanrealestate.org\/blog\/#\/schema\/person\/baeeee326c4f3add62cc4589d75942d9","name":"Immobilsarda","image":{"@type":"ImageObject","inLanguage":"es","@id":"https:\/\/www.europeanrealestate.org\/blog\/#\/schema\/person\/image\/","url":"https:\/\/secure.gravatar.com\/avatar\/76089bd354988ed1433be4ac0057e231?s=96&d=mm&r=g","contentUrl":"https:\/\/secure.gravatar.com\/avatar\/76089bd354988ed1433be4ac0057e231?s=96&d=mm&r=g","caption":"Immobilsarda"},"url":"https:\/\/www.europeanrealestate.org\/blog\/author\/immobilsarda\/"}]}},"_links":{"self":[{"href":"https:\/\/www.europeanrealestate.org\/blog\/wp-json\/wp\/v2\/posts\/10062"}],"collection":[{"href":"https:\/\/www.europeanrealestate.org\/blog\/wp-json\/wp\/v2\/posts"}],"about":[{"href":"https:\/\/www.europeanrealestate.org\/blog\/wp-json\/wp\/v2\/types\/post"}],"author":[{"embeddable":true,"href":"https:\/\/www.europeanrealestate.org\/blog\/wp-json\/wp\/v2\/users\/7"}],"replies":[{"embeddable":true,"href":"https:\/\/www.europeanrealestate.org\/blog\/wp-json\/wp\/v2\/comments?post=10062"}],"version-history":[{"count":6,"href":"https:\/\/www.europeanrealestate.org\/blog\/wp-json\/wp\/v2\/posts\/10062\/revisions"}],"predecessor-version":[{"id":10101,"href":"https:\/\/www.europeanrealestate.org\/blog\/wp-json\/wp\/v2\/posts\/10062\/revisions\/10101"}],"wp:featuredmedia":[{"embeddable":true,"href":"https:\/\/www.europeanrealestate.org\/blog\/wp-json\/wp\/v2\/media\/10066"}],"wp:attachment":[{"href":"https:\/\/www.europeanrealestate.org\/blog\/wp-json\/wp\/v2\/media?parent=10062"}],"wp:term":[{"taxonomy":"category","embeddable":true,"href":"https:\/\/www.europeanrealestate.org\/blog\/wp-json\/wp\/v2\/categories?post=10062"},{"taxonomy":"post_tag","embeddable":true,"href":"https:\/\/www.europeanrealestate.org\/blog\/wp-json\/wp\/v2\/tags?post=10062"}],"curies":[{"name":"wp","href":"https:\/\/api.w.org\/{rel}","templated":true}]}}