{"id":10304,"date":"2020-01-29T09:00:29","date_gmt":"2020-01-29T08:00:29","guid":{"rendered":"https:\/\/www.europeanrealestate.org\/blog\/?p=10304"},"modified":"2020-02-17T17:23:19","modified_gmt":"2020-02-17T16:23:19","slug":"propiedad-semana-villa-vistas-mar-venta-porto-rafael","status":"publish","type":"post","link":"https:\/\/www.europeanrealestate.org\/blog\/es\/propiedad-semana-villa-vistas-mar-venta-porto-rafael\/","title":{"rendered":"Propiedad de la semana: villa con vistas al mar en Porto Rafael, Cerde\u00f1a"},"content":{"rendered":"<p>Un entorno imponente es la caracter\u00edstica que distingue <strong>Porto Rafael<\/strong> del resto. Una exclusiva localidad en pleno parque natural del archipi\u00e9lago de La Maddalena con magn\u00edficas vistas a las islas. Un lugar de indiscutible encanto natural con una <strong>comunidad sofisticada<\/strong>, que se caracteriza por su refinamiento, amor y sensibilidad hacia la naturaleza y su predilecci\u00f3n por un estilo de vida de exclusividad, privacidad y relax.<\/p>\n<p>En este <strong>entorno \u00edntimo y pintoresco<\/strong> encontramos una propiedad llamada <a href=\"https:\/\/www.europeanrealestate.org\/es\/referral\/IMSPRF0644B\/\" target=\"_blank\" rel=\"noopener noreferrer\">Villa Hugo<\/a>. Se trata de una encantadora vivienda que, adem\u00e1s, ofrece un punto privilegiado desde el que admirar el espect\u00e1culo que ofrece La Maddalena y el cristalino mar de Cerde\u00f1a. 5000 m2 de exuberante jard\u00edn rodean esta fabulosa casa en un embriagador abrazo de colores y aromas t\u00edpicos de la vegetaci\u00f3n mediterr\u00e1nea.<\/p>\n<h2>El interior y exterior de Villa Hugo<\/h2>\n<div id='gallery-1' class='gallery galleryid-10304 gallery-columns-2 gallery-size-large'><figure class='gallery-item'>\n\t\t\t<div class='gallery-icon landscape'>\n\t\t\t\t<img loading=\"lazy\" decoding=\"async\" width=\"780\" height=\"439\" src=\"https:\/\/www.europeanrealestate.org\/blog\/wp-content\/uploads\/2020\/01\/interior-casa-e1580224114266-1024x576.jpg\" class=\"attachment-large size-large\" alt=\"Materiales t\u00edpicos del estilo mediter\u00e1neo\" srcset=\"https:\/\/www.europeanrealestate.org\/blog\/wp-content\/uploads\/2020\/01\/interior-casa-e1580224114266-1024x576.jpg 1024w, https:\/\/www.europeanrealestate.org\/blog\/wp-content\/uploads\/2020\/01\/interior-casa-e1580224114266-300x169.jpg 300w, https:\/\/www.europeanrealestate.org\/blog\/wp-content\/uploads\/2020\/01\/interior-casa-e1580224114266-768x432.jpg 768w, https:\/\/www.europeanrealestate.org\/blog\/wp-content\/uploads\/2020\/01\/interior-casa-e1580224114266.jpg 1620w\" sizes=\"(max-width: 780px) 100vw, 780px\" \/>\n\t\t\t<\/div><\/figure><figure class='gallery-item'>\n\t\t\t<div class='gallery-icon landscape'>\n\t\t\t\t<img loading=\"lazy\" decoding=\"async\" width=\"780\" height=\"439\" src=\"https:\/\/www.europeanrealestate.org\/blog\/wp-content\/uploads\/2020\/01\/salon-suelos-barro-cocido-y-vigas-madera-e1580224097426-1024x576.jpg\" class=\"attachment-large size-large\" alt=\"Sal\u00f3n de estilo tradicional mediterr\u00e1neo\" srcset=\"https:\/\/www.europeanrealestate.org\/blog\/wp-content\/uploads\/2020\/01\/salon-suelos-barro-cocido-y-vigas-madera-e1580224097426-1024x576.jpg 1024w, https:\/\/www.europeanrealestate.org\/blog\/wp-content\/uploads\/2020\/01\/salon-suelos-barro-cocido-y-vigas-madera-e1580224097426-300x169.jpg 300w, https:\/\/www.europeanrealestate.org\/blog\/wp-content\/uploads\/2020\/01\/salon-suelos-barro-cocido-y-vigas-madera-e1580224097426-768x432.jpg 768w, https:\/\/www.europeanrealestate.org\/blog\/wp-content\/uploads\/2020\/01\/salon-suelos-barro-cocido-y-vigas-madera-e1580224097426.jpg 1620w\" sizes=\"(max-width: 780px) 100vw, 780px\" \/>\n\t\t\t<\/div><\/figure>\n\t\t<\/div>\n\n<p>La villa de estilo mediterr\u00e1neo comprende un amplio sal\u00f3n con chimenea, un comedor, seis espaciosos dormitorios y siete ba\u00f1os. Las luminosas estancias han sido rematadas con <strong>materiales locales de gran calidad<\/strong>. Entre ellos destacan los suelos de barro cocido hechos a mano y las vigas de madera. El mobiliario, los colores y tejidos, escogidos a conciencia, denotan un gusto refinado. Adem\u00e1s, combinan armoniosamente con la arquitectura de la villa, creando una atm\u00f3sfera rom\u00e1ntica y acogedora.<\/p>\n<p>Su total inmersi\u00f3n en la naturaleza proporciona una agradable <strong>sensaci\u00f3n de paz y serenidad<\/strong>. Villa Hugo est\u00e1 dise\u00f1ada para permitir a sus hu\u00e9spedes disfrutar al m\u00e1ximo esta incomparable sensaci\u00f3n. Cabe mencionar sus espaciosas y acogedoras verandas y terrazas. Estos espacios \u2013 amueblados de forma que se garantice el m\u00e1ximo confort \u2013 han sido dise\u00f1ados para ofrecer agradables momentos de paz y tranquilidad al aire libre. El gran jard\u00edn alberga una fant\u00e1stica piscina, rodeada de una zona para tomar el sol, desde la que podr\u00e1 disfrutar de las incre\u00edbles vistas.<\/p>\n<div id='gallery-2' class='gallery galleryid-10304 gallery-columns-2 gallery-size-large'><figure class='gallery-item'>\n\t\t\t<div class='gallery-icon landscape'>\n\t\t\t\t<img loading=\"lazy\" decoding=\"async\" width=\"780\" height=\"439\" src=\"https:\/\/www.europeanrealestate.org\/blog\/wp-content\/uploads\/2020\/01\/terraza-cubierta-e1580224083209-1024x576.jpg\" class=\"attachment-large size-large\" alt=\"Terraza con vistas al mar en Cerde\u00f1a\" srcset=\"https:\/\/www.europeanrealestate.org\/blog\/wp-content\/uploads\/2020\/01\/terraza-cubierta-e1580224083209-1024x576.jpg 1024w, https:\/\/www.europeanrealestate.org\/blog\/wp-content\/uploads\/2020\/01\/terraza-cubierta-e1580224083209-300x169.jpg 300w, https:\/\/www.europeanrealestate.org\/blog\/wp-content\/uploads\/2020\/01\/terraza-cubierta-e1580224083209-768x432.jpg 768w, https:\/\/www.europeanrealestate.org\/blog\/wp-content\/uploads\/2020\/01\/terraza-cubierta-e1580224083209.jpg 1544w\" sizes=\"(max-width: 780px) 100vw, 780px\" \/>\n\t\t\t<\/div><\/figure><figure class='gallery-item'>\n\t\t\t<div class='gallery-icon landscape'>\n\t\t\t\t<img loading=\"lazy\" decoding=\"async\" width=\"780\" height=\"439\" src=\"https:\/\/www.europeanrealestate.org\/blog\/wp-content\/uploads\/2020\/01\/piscina-con-vistas-mar-e1580224067758-1024x576.jpg\" class=\"attachment-large size-large\" alt=\"Casa con piscina en venta en Porto Rafael\" srcset=\"https:\/\/www.europeanrealestate.org\/blog\/wp-content\/uploads\/2020\/01\/piscina-con-vistas-mar-e1580224067758-1024x576.jpg 1024w, https:\/\/www.europeanrealestate.org\/blog\/wp-content\/uploads\/2020\/01\/piscina-con-vistas-mar-e1580224067758-300x169.jpg 300w, https:\/\/www.europeanrealestate.org\/blog\/wp-content\/uploads\/2020\/01\/piscina-con-vistas-mar-e1580224067758-768x432.jpg 768w, https:\/\/www.europeanrealestate.org\/blog\/wp-content\/uploads\/2020\/01\/piscina-con-vistas-mar-e1580224067758.jpg 1920w\" sizes=\"(max-width: 780px) 100vw, 780px\" \/>\n\t\t\t<\/div><\/figure>\n\t\t<\/div>\n\n<h2>Porto Rafael, un enclave perfecto<\/h2>\n<p>Enmarcado por bellos paisajes naturales, <a href=\"http:\/\/www.immobilsarda.com\/en\/localita\/77-porto-rafael.html\" target=\"_blank\" rel=\"noopener noreferrer\"><strong>Porto Rafael<\/strong><\/a> es el lugar ideal para los urbanitas que quieren regresar a la naturaleza.<\/p>\n<p>Escondida en la costa norte de Cerde\u00f1a, <strong>en el coraz\u00f3n del archipi\u00e9lago de La Maddalena<\/strong>, esta fascinante localidad es desde hace tiempo un popular destino para los turistas que buscan la tranquilidad de la naturaleza. Con sus fabulosas villas, las vistas a La Maddalena y sus aguas azules, es el escenario perfecto para disfrutar de la naturaleza, la paz y la privacidad.<\/p>\n<p>Este singular enclave ofrece, adem\u00e1s de un formidable y bello entorno, una amplia gama de servicios locales y de ocio. La famosa Piazzetta, el centro de la vida social de Porto Rafael, es un aut\u00e9ntico sal\u00f3n al aire libre junto al mar donde podr\u00e1 ir de compras, tomar una copa o cenar a la luz de la luna. El <strong>club n\u00e1utico y el paseo mar\u00edtimo<\/strong> son los lugares de encuentro preferidos por los amantes de la navegaci\u00f3n. Tambi\u00e9n hay numerosos servicios para los aficionados a los deportes, tanto acu\u00e1ticos como, por ejemplo, windsurf, vela, buceo, as\u00ed como equitaci\u00f3n, tenis y bicicleta de monta\u00f1a. Por \u00faltimo, no hay que olvidar los fascinantes yacimientos arqueol\u00f3gicos e hist\u00f3ricos. Destacan la Fortezza di Monte, construida entre 1887 y 1889, llamada en su d\u00eda la fortaleza m\u00e1s bella de Europa, o el Museo Etnogr\u00e1fico de Palau.<\/p>\n<p>Un lugar inigualable, capaz de satisfacer todo tipo de exigencias y dejar en el coraz\u00f3n recuerdos inolvidables.<\/p>\n","protected":false},"excerpt":{"rendered":"<p>Nuestro miembro Immobilsarda nos ofrece esta encantadora villa de estilo mediterr\u00e1neo con vistas al mar en Porto Rafael, Cerde\u00f1a. El escenario perfecto para disfrutar de la naturaleza, la paz y la privacidad.<\/p>\n","protected":false},"author":7,"featured_media":10313,"comment_status":"closed","ping_status":"closed","sticky":false,"template":"","format":"standard","meta":{"footnotes":""},"categories":[1091],"tags":[5637,5287,5271,5804,5999,5445,5291,5749],"yoast_head":"<!-- This site is optimized with the Yoast SEO plugin v23.0 - https:\/\/yoast.com\/wordpress\/plugins\/seo\/ -->\n<title>Villa con vistas al mar en venta en Porto Rafael, Cerde\u00f1a | EREN<\/title>\n<meta name=\"description\" content=\"Si le gustar\u00eda vivir en un enclave \u00fanico de Cerde\u00f1a, le invitamos a que descubra esta fant\u00e1stica villa de seis dormitorios en venta en Porto Rafael.\" \/>\n<meta name=\"robots\" content=\"index, follow, max-snippet:-1, max-image-preview:large, max-video-preview:-1\" \/>\n<link rel=\"canonical\" href=\"https:\/\/www.europeanrealestate.org\/blog\/es\/propiedad-semana-villa-vistas-mar-venta-porto-rafael\/\" \/>\n<meta property=\"og:locale\" content=\"es_ES\" \/>\n<meta property=\"og:type\" content=\"article\" \/>\n<meta property=\"og:title\" content=\"Villa con vistas al mar en venta en Porto Rafael, Cerde\u00f1a | EREN\" \/>\n<meta property=\"og:description\" content=\"Si le gustar\u00eda vivir en un enclave \u00fanico de Cerde\u00f1a, le invitamos a que descubra esta fant\u00e1stica villa de seis dormitorios en venta en Porto Rafael.\" \/>\n<meta property=\"og:url\" content=\"https:\/\/www.europeanrealestate.org\/blog\/es\/propiedad-semana-villa-vistas-mar-venta-porto-rafael\/\" \/>\n<meta property=\"og:site_name\" content=\"EREN\" \/>\n<meta property=\"article:published_time\" content=\"2020-01-29T08:00:29+00:00\" \/>\n<meta property=\"article:modified_time\" content=\"2020-02-17T16:23:19+00:00\" \/>\n<meta property=\"og:image\" content=\"https:\/\/www.europeanrealestate.org\/blog\/wp-content\/uploads\/2020\/01\/casa-estilo-mediterraneo-vista-mar-e1580224043504.jpg\" \/>\n\t<meta property=\"og:image:width\" content=\"1621\" \/>\n\t<meta property=\"og:image:height\" content=\"911\" \/>\n\t<meta property=\"og:image:type\" content=\"image\/jpeg\" \/>\n<meta name=\"author\" content=\"Immobilsarda\" \/>\n<meta name=\"twitter:card\" content=\"summary_large_image\" \/>\n<meta name=\"twitter:label1\" content=\"Escrito por\" \/>\n\t<meta name=\"twitter:data1\" content=\"Immobilsarda\" \/>\n\t<meta name=\"twitter:label2\" content=\"Tiempo de lectura\" \/>\n\t<meta name=\"twitter:data2\" content=\"3 minutos\" \/>\n<script type=\"application\/ld+json\" class=\"yoast-schema-graph\">{\"@context\":\"https:\/\/schema.org\",\"@graph\":[{\"@type\":\"Article\",\"@id\":\"https:\/\/www.europeanrealestate.org\/blog\/es\/propiedad-semana-villa-vistas-mar-venta-porto-rafael\/#article\",\"isPartOf\":{\"@id\":\"https:\/\/www.europeanrealestate.org\/blog\/es\/propiedad-semana-villa-vistas-mar-venta-porto-rafael\/\"},\"author\":{\"name\":\"Immobilsarda\",\"@id\":\"https:\/\/www.europeanrealestate.org\/blog\/#\/schema\/person\/baeeee326c4f3add62cc4589d75942d9\"},\"headline\":\"Propiedad de la semana: villa con vistas al mar en Porto Rafael, Cerde\u00f1a\",\"datePublished\":\"2020-01-29T08:00:29+00:00\",\"dateModified\":\"2020-02-17T16:23:19+00:00\",\"mainEntityOfPage\":{\"@id\":\"https:\/\/www.europeanrealestate.org\/blog\/es\/propiedad-semana-villa-vistas-mar-venta-porto-rafael\/\"},\"wordCount\":613,\"publisher\":{\"@id\":\"https:\/\/www.europeanrealestate.org\/blog\/#organization\"},\"image\":{\"@id\":\"https:\/\/www.europeanrealestate.org\/blog\/es\/propiedad-semana-villa-vistas-mar-venta-porto-rafael\/#primaryimage\"},\"thumbnailUrl\":\"https:\/\/www.europeanrealestate.org\/blog\/wp-content\/uploads\/2020\/01\/casa-estilo-mediterraneo-vista-mar-e1580224043504.jpg\",\"keywords\":[\"Casa vacacional\",\"Cerde\u00f1a\",\"Immobilsarda\",\"Para vivir todo el a\u00f1o\",\"Porto Rafael\",\"Propiedad de la semana\",\"Villas en Cerde\u00f1a\",\"Vistas al mar\"],\"articleSection\":[\"Propiedades destacadas\"],\"inLanguage\":\"es\"},{\"@type\":\"WebPage\",\"@id\":\"https:\/\/www.europeanrealestate.org\/blog\/es\/propiedad-semana-villa-vistas-mar-venta-porto-rafael\/\",\"url\":\"https:\/\/www.europeanrealestate.org\/blog\/es\/propiedad-semana-villa-vistas-mar-venta-porto-rafael\/\",\"name\":\"Villa con vistas al mar en venta en Porto Rafael, Cerde\u00f1a | EREN\",\"isPartOf\":{\"@id\":\"https:\/\/www.europeanrealestate.org\/blog\/#website\"},\"primaryImageOfPage\":{\"@id\":\"https:\/\/www.europeanrealestate.org\/blog\/es\/propiedad-semana-villa-vistas-mar-venta-porto-rafael\/#primaryimage\"},\"image\":{\"@id\":\"https:\/\/www.europeanrealestate.org\/blog\/es\/propiedad-semana-villa-vistas-mar-venta-porto-rafael\/#primaryimage\"},\"thumbnailUrl\":\"https:\/\/www.europeanrealestate.org\/blog\/wp-content\/uploads\/2020\/01\/casa-estilo-mediterraneo-vista-mar-e1580224043504.jpg\",\"datePublished\":\"2020-01-29T08:00:29+00:00\",\"dateModified\":\"2020-02-17T16:23:19+00:00\",\"description\":\"Si le gustar\u00eda vivir en un enclave \u00fanico de Cerde\u00f1a, le invitamos a que descubra esta fant\u00e1stica villa de seis dormitorios en venta en Porto Rafael.\",\"breadcrumb\":{\"@id\":\"https:\/\/www.europeanrealestate.org\/blog\/es\/propiedad-semana-villa-vistas-mar-venta-porto-rafael\/#breadcrumb\"},\"inLanguage\":\"es\",\"potentialAction\":[{\"@type\":\"ReadAction\",\"target\":[\"https:\/\/www.europeanrealestate.org\/blog\/es\/propiedad-semana-villa-vistas-mar-venta-porto-rafael\/\"]}]},{\"@type\":\"ImageObject\",\"inLanguage\":\"es\",\"@id\":\"https:\/\/www.europeanrealestate.org\/blog\/es\/propiedad-semana-villa-vistas-mar-venta-porto-rafael\/#primaryimage\",\"url\":\"https:\/\/www.europeanrealestate.org\/blog\/wp-content\/uploads\/2020\/01\/casa-estilo-mediterraneo-vista-mar-e1580224043504.jpg\",\"contentUrl\":\"https:\/\/www.europeanrealestate.org\/blog\/wp-content\/uploads\/2020\/01\/casa-estilo-mediterraneo-vista-mar-e1580224043504.jpg\",\"width\":1621,\"height\":911,\"caption\":\"Casa de estilo mediterr\u00e1neo en venta en Porto Rafael\"},{\"@type\":\"BreadcrumbList\",\"@id\":\"https:\/\/www.europeanrealestate.org\/blog\/es\/propiedad-semana-villa-vistas-mar-venta-porto-rafael\/#breadcrumb\",\"itemListElement\":[{\"@type\":\"ListItem\",\"position\":1,\"name\":\"Home\",\"item\":\"https:\/\/www.europeanrealestate.org\/blog\/\"},{\"@type\":\"ListItem\",\"position\":2,\"name\":\"Propiedad de la semana: villa con vistas al mar en Porto Rafael, Cerde\u00f1a\"}]},{\"@type\":\"WebSite\",\"@id\":\"https:\/\/www.europeanrealestate.org\/blog\/#website\",\"url\":\"https:\/\/www.europeanrealestate.org\/blog\/\",\"name\":\"EREN\",\"description\":\"European Real Estate Network\",\"publisher\":{\"@id\":\"https:\/\/www.europeanrealestate.org\/blog\/#organization\"},\"potentialAction\":[{\"@type\":\"SearchAction\",\"target\":{\"@type\":\"EntryPoint\",\"urlTemplate\":\"https:\/\/www.europeanrealestate.org\/blog\/?s={search_term_string}\"},\"query-input\":\"required name=search_term_string\"}],\"inLanguage\":\"es\"},{\"@type\":\"Organization\",\"@id\":\"https:\/\/www.europeanrealestate.org\/blog\/#organization\",\"name\":\"EREN\",\"url\":\"https:\/\/www.europeanrealestate.org\/blog\/\",\"logo\":{\"@type\":\"ImageObject\",\"inLanguage\":\"es\",\"@id\":\"https:\/\/www.europeanrealestate.org\/blog\/#\/schema\/logo\/image\/\",\"url\":\"https:\/\/www.europeanrealestate.org\/blog\/wp-content\/uploads\/2019\/05\/EREN_LOGO.svg\",\"contentUrl\":\"https:\/\/www.europeanrealestate.org\/blog\/wp-content\/uploads\/2019\/05\/EREN_LOGO.svg\",\"width\":184,\"height\":14,\"caption\":\"EREN\"},\"image\":{\"@id\":\"https:\/\/www.europeanrealestate.org\/blog\/#\/schema\/logo\/image\/\"}},{\"@type\":\"Person\",\"@id\":\"https:\/\/www.europeanrealestate.org\/blog\/#\/schema\/person\/baeeee326c4f3add62cc4589d75942d9\",\"name\":\"Immobilsarda\",\"image\":{\"@type\":\"ImageObject\",\"inLanguage\":\"es\",\"@id\":\"https:\/\/www.europeanrealestate.org\/blog\/#\/schema\/person\/image\/\",\"url\":\"https:\/\/secure.gravatar.com\/avatar\/76089bd354988ed1433be4ac0057e231?s=96&d=mm&r=g\",\"contentUrl\":\"https:\/\/secure.gravatar.com\/avatar\/76089bd354988ed1433be4ac0057e231?s=96&d=mm&r=g\",\"caption\":\"Immobilsarda\"},\"url\":\"https:\/\/www.europeanrealestate.org\/blog\/author\/immobilsarda\/\"}]}<\/script>\n<!-- \/ Yoast SEO plugin. -->","yoast_head_json":{"title":"Villa con vistas al mar en venta en Porto Rafael, Cerde\u00f1a | EREN","description":"Si le gustar\u00eda vivir en un enclave \u00fanico de Cerde\u00f1a, le invitamos a que descubra esta fant\u00e1stica villa de seis dormitorios en venta en Porto Rafael.","robots":{"index":"index","follow":"follow","max-snippet":"max-snippet:-1","max-image-preview":"max-image-preview:large","max-video-preview":"max-video-preview:-1"},"canonical":"https:\/\/www.europeanrealestate.org\/blog\/es\/propiedad-semana-villa-vistas-mar-venta-porto-rafael\/","og_locale":"es_ES","og_type":"article","og_title":"Villa con vistas al mar en venta en Porto Rafael, Cerde\u00f1a | EREN","og_description":"Si le gustar\u00eda vivir en un enclave \u00fanico de Cerde\u00f1a, le invitamos a que descubra esta fant\u00e1stica villa de seis dormitorios en venta en Porto Rafael.","og_url":"https:\/\/www.europeanrealestate.org\/blog\/es\/propiedad-semana-villa-vistas-mar-venta-porto-rafael\/","og_site_name":"EREN","article_published_time":"2020-01-29T08:00:29+00:00","article_modified_time":"2020-02-17T16:23:19+00:00","og_image":[{"width":1621,"height":911,"url":"https:\/\/www.europeanrealestate.org\/blog\/wp-content\/uploads\/2020\/01\/casa-estilo-mediterraneo-vista-mar-e1580224043504.jpg","type":"image\/jpeg"}],"author":"Immobilsarda","twitter_card":"summary_large_image","twitter_misc":{"Escrito por":"Immobilsarda","Tiempo de lectura":"3 minutos"},"schema":{"@context":"https:\/\/schema.org","@graph":[{"@type":"Article","@id":"https:\/\/www.europeanrealestate.org\/blog\/es\/propiedad-semana-villa-vistas-mar-venta-porto-rafael\/#article","isPartOf":{"@id":"https:\/\/www.europeanrealestate.org\/blog\/es\/propiedad-semana-villa-vistas-mar-venta-porto-rafael\/"},"author":{"name":"Immobilsarda","@id":"https:\/\/www.europeanrealestate.org\/blog\/#\/schema\/person\/baeeee326c4f3add62cc4589d75942d9"},"headline":"Propiedad de la semana: villa con vistas al mar en Porto Rafael, Cerde\u00f1a","datePublished":"2020-01-29T08:00:29+00:00","dateModified":"2020-02-17T16:23:19+00:00","mainEntityOfPage":{"@id":"https:\/\/www.europeanrealestate.org\/blog\/es\/propiedad-semana-villa-vistas-mar-venta-porto-rafael\/"},"wordCount":613,"publisher":{"@id":"https:\/\/www.europeanrealestate.org\/blog\/#organization"},"image":{"@id":"https:\/\/www.europeanrealestate.org\/blog\/es\/propiedad-semana-villa-vistas-mar-venta-porto-rafael\/#primaryimage"},"thumbnailUrl":"https:\/\/www.europeanrealestate.org\/blog\/wp-content\/uploads\/2020\/01\/casa-estilo-mediterraneo-vista-mar-e1580224043504.jpg","keywords":["Casa vacacional","Cerde\u00f1a","Immobilsarda","Para vivir todo el a\u00f1o","Porto Rafael","Propiedad de la semana","Villas en Cerde\u00f1a","Vistas al mar"],"articleSection":["Propiedades destacadas"],"inLanguage":"es"},{"@type":"WebPage","@id":"https:\/\/www.europeanrealestate.org\/blog\/es\/propiedad-semana-villa-vistas-mar-venta-porto-rafael\/","url":"https:\/\/www.europeanrealestate.org\/blog\/es\/propiedad-semana-villa-vistas-mar-venta-porto-rafael\/","name":"Villa con vistas al mar en venta en Porto Rafael, Cerde\u00f1a | EREN","isPartOf":{"@id":"https:\/\/www.europeanrealestate.org\/blog\/#website"},"primaryImageOfPage":{"@id":"https:\/\/www.europeanrealestate.org\/blog\/es\/propiedad-semana-villa-vistas-mar-venta-porto-rafael\/#primaryimage"},"image":{"@id":"https:\/\/www.europeanrealestate.org\/blog\/es\/propiedad-semana-villa-vistas-mar-venta-porto-rafael\/#primaryimage"},"thumbnailUrl":"https:\/\/www.europeanrealestate.org\/blog\/wp-content\/uploads\/2020\/01\/casa-estilo-mediterraneo-vista-mar-e1580224043504.jpg","datePublished":"2020-01-29T08:00:29+00:00","dateModified":"2020-02-17T16:23:19+00:00","description":"Si le gustar\u00eda vivir en un enclave \u00fanico de Cerde\u00f1a, le invitamos a que descubra esta fant\u00e1stica villa de seis dormitorios en venta en Porto Rafael.","breadcrumb":{"@id":"https:\/\/www.europeanrealestate.org\/blog\/es\/propiedad-semana-villa-vistas-mar-venta-porto-rafael\/#breadcrumb"},"inLanguage":"es","potentialAction":[{"@type":"ReadAction","target":["https:\/\/www.europeanrealestate.org\/blog\/es\/propiedad-semana-villa-vistas-mar-venta-porto-rafael\/"]}]},{"@type":"ImageObject","inLanguage":"es","@id":"https:\/\/www.europeanrealestate.org\/blog\/es\/propiedad-semana-villa-vistas-mar-venta-porto-rafael\/#primaryimage","url":"https:\/\/www.europeanrealestate.org\/blog\/wp-content\/uploads\/2020\/01\/casa-estilo-mediterraneo-vista-mar-e1580224043504.jpg","contentUrl":"https:\/\/www.europeanrealestate.org\/blog\/wp-content\/uploads\/2020\/01\/casa-estilo-mediterraneo-vista-mar-e1580224043504.jpg","width":1621,"height":911,"caption":"Casa de estilo mediterr\u00e1neo en venta en Porto Rafael"},{"@type":"BreadcrumbList","@id":"https:\/\/www.europeanrealestate.org\/blog\/es\/propiedad-semana-villa-vistas-mar-venta-porto-rafael\/#breadcrumb","itemListElement":[{"@type":"ListItem","position":1,"name":"Home","item":"https:\/\/www.europeanrealestate.org\/blog\/"},{"@type":"ListItem","position":2,"name":"Propiedad de la semana: villa con vistas al mar en Porto Rafael, Cerde\u00f1a"}]},{"@type":"WebSite","@id":"https:\/\/www.europeanrealestate.org\/blog\/#website","url":"https:\/\/www.europeanrealestate.org\/blog\/","name":"EREN","description":"European Real Estate Network","publisher":{"@id":"https:\/\/www.europeanrealestate.org\/blog\/#organization"},"potentialAction":[{"@type":"SearchAction","target":{"@type":"EntryPoint","urlTemplate":"https:\/\/www.europeanrealestate.org\/blog\/?s={search_term_string}"},"query-input":"required name=search_term_string"}],"inLanguage":"es"},{"@type":"Organization","@id":"https:\/\/www.europeanrealestate.org\/blog\/#organization","name":"EREN","url":"https:\/\/www.europeanrealestate.org\/blog\/","logo":{"@type":"ImageObject","inLanguage":"es","@id":"https:\/\/www.europeanrealestate.org\/blog\/#\/schema\/logo\/image\/","url":"https:\/\/www.europeanrealestate.org\/blog\/wp-content\/uploads\/2019\/05\/EREN_LOGO.svg","contentUrl":"https:\/\/www.europeanrealestate.org\/blog\/wp-content\/uploads\/2019\/05\/EREN_LOGO.svg","width":184,"height":14,"caption":"EREN"},"image":{"@id":"https:\/\/www.europeanrealestate.org\/blog\/#\/schema\/logo\/image\/"}},{"@type":"Person","@id":"https:\/\/www.europeanrealestate.org\/blog\/#\/schema\/person\/baeeee326c4f3add62cc4589d75942d9","name":"Immobilsarda","image":{"@type":"ImageObject","inLanguage":"es","@id":"https:\/\/www.europeanrealestate.org\/blog\/#\/schema\/person\/image\/","url":"https:\/\/secure.gravatar.com\/avatar\/76089bd354988ed1433be4ac0057e231?s=96&d=mm&r=g","contentUrl":"https:\/\/secure.gravatar.com\/avatar\/76089bd354988ed1433be4ac0057e231?s=96&d=mm&r=g","caption":"Immobilsarda"},"url":"https:\/\/www.europeanrealestate.org\/blog\/author\/immobilsarda\/"}]}},"_links":{"self":[{"href":"https:\/\/www.europeanrealestate.org\/blog\/wp-json\/wp\/v2\/posts\/10304"}],"collection":[{"href":"https:\/\/www.europeanrealestate.org\/blog\/wp-json\/wp\/v2\/posts"}],"about":[{"href":"https:\/\/www.europeanrealestate.org\/blog\/wp-json\/wp\/v2\/types\/post"}],"author":[{"embeddable":true,"href":"https:\/\/www.europeanrealestate.org\/blog\/wp-json\/wp\/v2\/users\/7"}],"replies":[{"embeddable":true,"href":"https:\/\/www.europeanrealestate.org\/blog\/wp-json\/wp\/v2\/comments?post=10304"}],"version-history":[{"count":7,"href":"https:\/\/www.europeanrealestate.org\/blog\/wp-json\/wp\/v2\/posts\/10304\/revisions"}],"predecessor-version":[{"id":10321,"href":"https:\/\/www.europeanrealestate.org\/blog\/wp-json\/wp\/v2\/posts\/10304\/revisions\/10321"}],"wp:featuredmedia":[{"embeddable":true,"href":"https:\/\/www.europeanrealestate.org\/blog\/wp-json\/wp\/v2\/media\/10313"}],"wp:attachment":[{"href":"https:\/\/www.europeanrealestate.org\/blog\/wp-json\/wp\/v2\/media?parent=10304"}],"wp:term":[{"taxonomy":"category","embeddable":true,"href":"https:\/\/www.europeanrealestate.org\/blog\/wp-json\/wp\/v2\/categories?post=10304"},{"taxonomy":"post_tag","embeddable":true,"href":"https:\/\/www.europeanrealestate.org\/blog\/wp-json\/wp\/v2\/tags?post=10304"}],"curies":[{"name":"wp","href":"https:\/\/api.w.org\/{rel}","templated":true}]}}