{"id":10423,"date":"2020-02-18T10:14:58","date_gmt":"2020-02-18T09:14:58","guid":{"rendered":"https:\/\/www.europeanrealestate.org\/blog\/?p=10423"},"modified":"2020-02-20T16:26:01","modified_gmt":"2020-02-20T15:26:01","slug":"propiedad-semana-lujosa-villa-vesenaz-lago-leman","status":"publish","type":"post","link":"https:\/\/www.europeanrealestate.org\/blog\/es\/propiedad-semana-lujosa-villa-vesenaz-lago-leman\/","title":{"rendered":"Propiedad de la semana: una lujosa villa en V\u00e9senaz frente al lago Lem\u00e1n, Ginebra"},"content":{"rendered":"<p><strong>V\u00e9senaz<\/strong>, en el cant\u00f3n de Ginebra, es uno de los mejores enclaves si lo que busca es <strong>vivir rodeado de naturaleza<\/strong>. Ba\u00f1ado por las aguas del lago de Ginebra, tambi\u00e9n conocido como lago Lem\u00e1n, es el lugar perfecto para los amantes de los deportes acu\u00e1ticos. Y es que este lago ofrece innumerables posibilidades, gracias a ser uno de los m\u00e1s grandes de Suiza.<\/p>\n<p>La propiedad de la semana que tenemos el placer de presentarle es una exclusiva y singular <strong><a href=\"https:\/\/www.europeanrealestate.org\/es\/referral\/CI30447\" target=\"_blank\" rel=\"noopener noreferrer\">villa frente al lago Lem\u00e1n<\/a><\/strong>, en V\u00e9senaz.<\/p>\n<h2>Naturaleza y arquitectura se encuentran<\/h2>\n<p>Construida sobre un espl\u00e9ndido jard\u00edn de m\u00e1s de 6.400 m2, disfruta de una de las ubicaciones m\u00e1s privilegiadas en este tranquilo barrio de <strong>Collogne-Bellerive<\/strong>. La magn\u00edfica residencia que, adem\u00e1s, brinda un alto nivel de privacidad, cuenta con una superficie de 2000m2, distribuidos en amplias y luminosas estancias.<\/p>\n<div id='gallery-1' class='gallery galleryid-10423 gallery-columns-2 gallery-size-large'><figure class='gallery-item'>\n\t\t\t<div class='gallery-icon landscape'>\n\t\t\t\t<img loading=\"lazy\" decoding=\"async\" width=\"780\" height=\"439\" src=\"https:\/\/www.europeanrealestate.org\/blog\/wp-content\/uploads\/2020\/02\/villa-in-vesenaz-geneva-3-e1582015439110-1024x576.jpg\" class=\"attachment-large size-large\" alt=\"Sal\u00f3n en tres ambientes con chimenea - Villa en V\u00e9senaz\" srcset=\"https:\/\/www.europeanrealestate.org\/blog\/wp-content\/uploads\/2020\/02\/villa-in-vesenaz-geneva-3-e1582015439110-1024x576.jpg 1024w, https:\/\/www.europeanrealestate.org\/blog\/wp-content\/uploads\/2020\/02\/villa-in-vesenaz-geneva-3-e1582015439110-300x169.jpg 300w, https:\/\/www.europeanrealestate.org\/blog\/wp-content\/uploads\/2020\/02\/villa-in-vesenaz-geneva-3-e1582015439110-768x432.jpg 768w, https:\/\/www.europeanrealestate.org\/blog\/wp-content\/uploads\/2020\/02\/villa-in-vesenaz-geneva-3-e1582015439110.jpg 1254w\" sizes=\"(max-width: 780px) 100vw, 780px\" \/>\n\t\t\t<\/div><\/figure><figure class='gallery-item'>\n\t\t\t<div class='gallery-icon landscape'>\n\t\t\t\t<img loading=\"lazy\" decoding=\"async\" width=\"780\" height=\"439\" src=\"https:\/\/www.europeanrealestate.org\/blog\/wp-content\/uploads\/2020\/02\/villa-in-vesenaz-geneva-11-e1582015133793-1024x576.jpg\" class=\"attachment-large size-large\" alt=\"Villa en V\u00e9senaz - Dormitorio con vistas al lago Lem\u00e1n\" srcset=\"https:\/\/www.europeanrealestate.org\/blog\/wp-content\/uploads\/2020\/02\/villa-in-vesenaz-geneva-11-e1582015133793-1024x576.jpg 1024w, https:\/\/www.europeanrealestate.org\/blog\/wp-content\/uploads\/2020\/02\/villa-in-vesenaz-geneva-11-e1582015133793-300x169.jpg 300w, https:\/\/www.europeanrealestate.org\/blog\/wp-content\/uploads\/2020\/02\/villa-in-vesenaz-geneva-11-e1582015133793-768x432.jpg 768w, https:\/\/www.europeanrealestate.org\/blog\/wp-content\/uploads\/2020\/02\/villa-in-vesenaz-geneva-11-e1582015133793.jpg 1254w\" sizes=\"(max-width: 780px) 100vw, 780px\" \/>\n\t\t\t<\/div><\/figure>\n\t\t<\/div>\n\n<p>La <strong>casa principal<\/strong> comprende un hall, un sal\u00f3n, un espacioso comedor, una sala de estar con chimenea, un aseo de cortes\u00eda y una cocina completamente equipada. Tiene un total de cinco dormitorios con ba\u00f1os en suite; entre ellos, el dormitorio principal, que dispone de dos ba\u00f1os separados.<\/p>\n<p>La planta inferior consta de un sal\u00f3n de dos ambientes y una segunda cocina. La lujosa vivienda ofrece tambi\u00e9n una <strong>sala de cine con chimenea, gimnasio, sauna<\/strong>, casa de piscina y despacho.<\/p>\n<p>En cada uno de los espacios que componen la propiedad se ha prestado <strong>especial atenci\u00f3n al detalle<\/strong>. Destaca su exquisito exterior con jard\u00edn paisaj\u00edstico, adornado con \u00e1rboles y una piscina que se abre paso desde el interior de la casa.<\/p>\n<div id='gallery-2' class='gallery galleryid-10423 gallery-columns-2 gallery-size-large'><figure class='gallery-item'>\n\t\t\t<div class='gallery-icon landscape'>\n\t\t\t\t<img loading=\"lazy\" decoding=\"async\" width=\"780\" height=\"439\" src=\"https:\/\/www.europeanrealestate.org\/blog\/wp-content\/uploads\/2020\/02\/villa-in-vesenaz-geneva-9-e1582015068572-1024x576.jpg\" class=\"attachment-large size-large\" alt=\"Villa en V\u00e9senaz - Vestidor y zona wellness\" srcset=\"https:\/\/www.europeanrealestate.org\/blog\/wp-content\/uploads\/2020\/02\/villa-in-vesenaz-geneva-9-e1582015068572-1024x576.jpg 1024w, https:\/\/www.europeanrealestate.org\/blog\/wp-content\/uploads\/2020\/02\/villa-in-vesenaz-geneva-9-e1582015068572-300x169.jpg 300w, https:\/\/www.europeanrealestate.org\/blog\/wp-content\/uploads\/2020\/02\/villa-in-vesenaz-geneva-9-e1582015068572-768x432.jpg 768w, https:\/\/www.europeanrealestate.org\/blog\/wp-content\/uploads\/2020\/02\/villa-in-vesenaz-geneva-9-e1582015068572.jpg 1254w\" sizes=\"(max-width: 780px) 100vw, 780px\" \/>\n\t\t\t<\/div><\/figure><figure class='gallery-item'>\n\t\t\t<div class='gallery-icon landscape'>\n\t\t\t\t<img loading=\"lazy\" decoding=\"async\" width=\"780\" height=\"439\" src=\"https:\/\/www.europeanrealestate.org\/blog\/wp-content\/uploads\/2020\/02\/villa-in-vesenaz-geneva-13-e1582015230241-1024x576.jpg\" class=\"attachment-large size-large\" alt=\"Piscina interior con acceso al exterior\" srcset=\"https:\/\/www.europeanrealestate.org\/blog\/wp-content\/uploads\/2020\/02\/villa-in-vesenaz-geneva-13-e1582015230241-1024x576.jpg 1024w, https:\/\/www.europeanrealestate.org\/blog\/wp-content\/uploads\/2020\/02\/villa-in-vesenaz-geneva-13-e1582015230241-300x169.jpg 300w, https:\/\/www.europeanrealestate.org\/blog\/wp-content\/uploads\/2020\/02\/villa-in-vesenaz-geneva-13-e1582015230241-768x432.jpg 768w, https:\/\/www.europeanrealestate.org\/blog\/wp-content\/uploads\/2020\/02\/villa-in-vesenaz-geneva-13-e1582015230241.jpg 1254w\" sizes=\"(max-width: 780px) 100vw, 780px\" \/>\n\t\t\t<\/div><\/figure>\n\t\t<\/div>\n\n<p>Completan la propiedad un anexo compuesto por tres habitaciones, <strong>perfecto para alojar a invitados<\/strong>, garaje y aparcamiento, as\u00ed como un bar con zona de barbacoa y una pista de tenis.<\/p>\n<p>Esta <strong>residencia junto al lago Lem\u00e1n<\/strong> ha sido dise\u00f1ada para disfrutarla al m\u00e1ximo en todos los sentidos. Cabe mencionar que sus vistas al lago son tan impresionantes como las de las monta\u00f1as del Jura.<\/p>\n<p>Si busca una casa de lujo cerca de Ginebra, rodeada por un bello entorno y con lujosas instalaciones, esta es su propiedad. En caso de que no cumpla con sus requisitos, le invitamos a que visite el porfolio de <strong><a href=\"https:\/\/www.europeanrealestate.org\/es\/comprar\/villas-casas-chalets\/suiza\/canton-ginebra\" target=\"_blank\" rel=\"noopener noreferrer\">casas en el cant\u00f3n de Ginebra<\/a> <\/strong>de nuestro miembro de CI Exclusive Properties.<\/p>\n","protected":false},"excerpt":{"rendered":"<p>En nombre de nuestro miembro CI Exclusive Properties, le presentamos una lujosa casa frente al lago Lem\u00e1n, en una tranquila y exclusiva localizaci\u00f3n como V\u00e9senaz, rodeada de un bello entorno natural.<\/p>\n","protected":false},"author":6,"featured_media":10430,"comment_status":"closed","ping_status":"closed","sticky":false,"template":"","format":"standard","meta":{"footnotes":""},"categories":[1091],"tags":[5607,5159,5804,5169,5627,5657],"yoast_head":"<!-- This site is optimized with the Yoast SEO plugin v23.0 - https:\/\/yoast.com\/wordpress\/plugins\/seo\/ -->\n<title>Villa frente al lago Lem\u00e1n en V\u00e9senaz, Gimebra, Suiza | EREN<\/title>\n<meta name=\"description\" content=\"Si desea vivir cerca de la ciudad de Ginebra, Suiza, en la exclusiva zona de V\u00e9senaz, le presentamos una lujosa villa en venta frente al lago Lem\u00e1n.\" \/>\n<meta name=\"robots\" content=\"index, follow, max-snippet:-1, max-image-preview:large, max-video-preview:-1\" \/>\n<link rel=\"canonical\" href=\"https:\/\/www.europeanrealestate.org\/blog\/es\/propiedad-semana-lujosa-villa-vesenaz-lago-leman\/\" \/>\n<meta property=\"og:locale\" content=\"es_ES\" \/>\n<meta property=\"og:type\" content=\"article\" \/>\n<meta property=\"og:title\" content=\"Villa frente al lago Lem\u00e1n en V\u00e9senaz, Gimebra, Suiza | EREN\" \/>\n<meta property=\"og:description\" content=\"Si desea vivir cerca de la ciudad de Ginebra, Suiza, en la exclusiva zona de V\u00e9senaz, le presentamos una lujosa villa en venta frente al lago Lem\u00e1n.\" \/>\n<meta property=\"og:url\" content=\"https:\/\/www.europeanrealestate.org\/blog\/es\/propiedad-semana-lujosa-villa-vesenaz-lago-leman\/\" \/>\n<meta property=\"og:site_name\" content=\"EREN\" \/>\n<meta property=\"article:published_time\" content=\"2020-02-18T09:14:58+00:00\" \/>\n<meta property=\"article:modified_time\" content=\"2020-02-20T15:26:01+00:00\" \/>\n<meta property=\"og:image\" content=\"https:\/\/www.europeanrealestate.org\/blog\/wp-content\/uploads\/2020\/02\/villa-in-vesenaz-geneva-8-e1582014998910.jpg\" \/>\n\t<meta property=\"og:image:width\" content=\"1254\" \/>\n\t<meta property=\"og:image:height\" content=\"705\" \/>\n\t<meta property=\"og:image:type\" content=\"image\/jpeg\" \/>\n<meta name=\"author\" content=\"FGP Swiss &amp; Alps\" \/>\n<meta name=\"twitter:card\" content=\"summary_large_image\" \/>\n<meta name=\"twitter:label1\" content=\"Escrito por\" \/>\n\t<meta name=\"twitter:data1\" content=\"FGP Swiss &amp; Alps\" \/>\n\t<meta name=\"twitter:label2\" content=\"Tiempo de lectura\" \/>\n\t<meta name=\"twitter:data2\" content=\"2 minutos\" \/>\n<script type=\"application\/ld+json\" class=\"yoast-schema-graph\">{\"@context\":\"https:\/\/schema.org\",\"@graph\":[{\"@type\":\"Article\",\"@id\":\"https:\/\/www.europeanrealestate.org\/blog\/es\/propiedad-semana-lujosa-villa-vesenaz-lago-leman\/#article\",\"isPartOf\":{\"@id\":\"https:\/\/www.europeanrealestate.org\/blog\/es\/propiedad-semana-lujosa-villa-vesenaz-lago-leman\/\"},\"author\":{\"name\":\"FGP Swiss &amp; Alps\",\"@id\":\"https:\/\/www.europeanrealestate.org\/blog\/#\/schema\/person\/9170688e769b06dc75e7ea22c4223f0d\"},\"headline\":\"Propiedad de la semana: una lujosa villa en V\u00e9senaz frente al lago Lem\u00e1n, Ginebra\",\"datePublished\":\"2020-02-18T09:14:58+00:00\",\"dateModified\":\"2020-02-20T15:26:01+00:00\",\"mainEntityOfPage\":{\"@id\":\"https:\/\/www.europeanrealestate.org\/blog\/es\/propiedad-semana-lujosa-villa-vesenaz-lago-leman\/\"},\"wordCount\":431,\"publisher\":{\"@id\":\"https:\/\/www.europeanrealestate.org\/blog\/#organization\"},\"image\":{\"@id\":\"https:\/\/www.europeanrealestate.org\/blog\/es\/propiedad-semana-lujosa-villa-vesenaz-lago-leman\/#primaryimage\"},\"thumbnailUrl\":\"https:\/\/www.europeanrealestate.org\/blog\/wp-content\/uploads\/2020\/02\/villa-in-vesenaz-geneva-8-e1582014998910.jpg\",\"keywords\":[\"CI Exclusive Properties\",\"Lujo\",\"Para vivir todo el a\u00f1o\",\"Propiedades de lujo en Europa\",\"Villas en Suiza\",\"Vistas al lago\"],\"articleSection\":[\"Propiedades destacadas\"],\"inLanguage\":\"es\"},{\"@type\":\"WebPage\",\"@id\":\"https:\/\/www.europeanrealestate.org\/blog\/es\/propiedad-semana-lujosa-villa-vesenaz-lago-leman\/\",\"url\":\"https:\/\/www.europeanrealestate.org\/blog\/es\/propiedad-semana-lujosa-villa-vesenaz-lago-leman\/\",\"name\":\"Villa frente al lago Lem\u00e1n en V\u00e9senaz, Gimebra, Suiza | EREN\",\"isPartOf\":{\"@id\":\"https:\/\/www.europeanrealestate.org\/blog\/#website\"},\"primaryImageOfPage\":{\"@id\":\"https:\/\/www.europeanrealestate.org\/blog\/es\/propiedad-semana-lujosa-villa-vesenaz-lago-leman\/#primaryimage\"},\"image\":{\"@id\":\"https:\/\/www.europeanrealestate.org\/blog\/es\/propiedad-semana-lujosa-villa-vesenaz-lago-leman\/#primaryimage\"},\"thumbnailUrl\":\"https:\/\/www.europeanrealestate.org\/blog\/wp-content\/uploads\/2020\/02\/villa-in-vesenaz-geneva-8-e1582014998910.jpg\",\"datePublished\":\"2020-02-18T09:14:58+00:00\",\"dateModified\":\"2020-02-20T15:26:01+00:00\",\"description\":\"Si desea vivir cerca de la ciudad de Ginebra, Suiza, en la exclusiva zona de V\u00e9senaz, le presentamos una lujosa villa en venta frente al lago Lem\u00e1n.\",\"breadcrumb\":{\"@id\":\"https:\/\/www.europeanrealestate.org\/blog\/es\/propiedad-semana-lujosa-villa-vesenaz-lago-leman\/#breadcrumb\"},\"inLanguage\":\"es\",\"potentialAction\":[{\"@type\":\"ReadAction\",\"target\":[\"https:\/\/www.europeanrealestate.org\/blog\/es\/propiedad-semana-lujosa-villa-vesenaz-lago-leman\/\"]}]},{\"@type\":\"ImageObject\",\"inLanguage\":\"es\",\"@id\":\"https:\/\/www.europeanrealestate.org\/blog\/es\/propiedad-semana-lujosa-villa-vesenaz-lago-leman\/#primaryimage\",\"url\":\"https:\/\/www.europeanrealestate.org\/blog\/wp-content\/uploads\/2020\/02\/villa-in-vesenaz-geneva-8-e1582014998910.jpg\",\"contentUrl\":\"https:\/\/www.europeanrealestate.org\/blog\/wp-content\/uploads\/2020\/02\/villa-in-vesenaz-geneva-8-e1582014998910.jpg\",\"width\":1254,\"height\":705,\"caption\":\"Villa de lujo frente al lago Lem\u00e1n en V\u00e9senaz\"},{\"@type\":\"BreadcrumbList\",\"@id\":\"https:\/\/www.europeanrealestate.org\/blog\/es\/propiedad-semana-lujosa-villa-vesenaz-lago-leman\/#breadcrumb\",\"itemListElement\":[{\"@type\":\"ListItem\",\"position\":1,\"name\":\"Home\",\"item\":\"https:\/\/www.europeanrealestate.org\/blog\/\"},{\"@type\":\"ListItem\",\"position\":2,\"name\":\"Propiedad de la semana: una lujosa villa en V\u00e9senaz frente al lago Lem\u00e1n, Ginebra\"}]},{\"@type\":\"WebSite\",\"@id\":\"https:\/\/www.europeanrealestate.org\/blog\/#website\",\"url\":\"https:\/\/www.europeanrealestate.org\/blog\/\",\"name\":\"EREN\",\"description\":\"European Real Estate Network\",\"publisher\":{\"@id\":\"https:\/\/www.europeanrealestate.org\/blog\/#organization\"},\"potentialAction\":[{\"@type\":\"SearchAction\",\"target\":{\"@type\":\"EntryPoint\",\"urlTemplate\":\"https:\/\/www.europeanrealestate.org\/blog\/?s={search_term_string}\"},\"query-input\":\"required name=search_term_string\"}],\"inLanguage\":\"es\"},{\"@type\":\"Organization\",\"@id\":\"https:\/\/www.europeanrealestate.org\/blog\/#organization\",\"name\":\"EREN\",\"url\":\"https:\/\/www.europeanrealestate.org\/blog\/\",\"logo\":{\"@type\":\"ImageObject\",\"inLanguage\":\"es\",\"@id\":\"https:\/\/www.europeanrealestate.org\/blog\/#\/schema\/logo\/image\/\",\"url\":\"https:\/\/www.europeanrealestate.org\/blog\/wp-content\/uploads\/2019\/05\/EREN_LOGO.svg\",\"contentUrl\":\"https:\/\/www.europeanrealestate.org\/blog\/wp-content\/uploads\/2019\/05\/EREN_LOGO.svg\",\"width\":184,\"height\":14,\"caption\":\"EREN\"},\"image\":{\"@id\":\"https:\/\/www.europeanrealestate.org\/blog\/#\/schema\/logo\/image\/\"}},{\"@type\":\"Person\",\"@id\":\"https:\/\/www.europeanrealestate.org\/blog\/#\/schema\/person\/9170688e769b06dc75e7ea22c4223f0d\",\"name\":\"FGP Swiss &amp; Alps\",\"image\":{\"@type\":\"ImageObject\",\"inLanguage\":\"es\",\"@id\":\"https:\/\/www.europeanrealestate.org\/blog\/#\/schema\/person\/image\/\",\"url\":\"https:\/\/secure.gravatar.com\/avatar\/5998cbe5bbc42c8b2bd04629b5221fa3?s=96&d=mm&r=g\",\"contentUrl\":\"https:\/\/secure.gravatar.com\/avatar\/5998cbe5bbc42c8b2bd04629b5221fa3?s=96&d=mm&r=g\",\"caption\":\"FGP Swiss &amp; Alps\"},\"url\":\"https:\/\/www.europeanrealestate.org\/blog\/author\/ci-exclusive-properties\/\"}]}<\/script>\n<!-- \/ Yoast SEO plugin. -->","yoast_head_json":{"title":"Villa frente al lago Lem\u00e1n en V\u00e9senaz, Gimebra, Suiza | EREN","description":"Si desea vivir cerca de la ciudad de Ginebra, Suiza, en la exclusiva zona de V\u00e9senaz, le presentamos una lujosa villa en venta frente al lago Lem\u00e1n.","robots":{"index":"index","follow":"follow","max-snippet":"max-snippet:-1","max-image-preview":"max-image-preview:large","max-video-preview":"max-video-preview:-1"},"canonical":"https:\/\/www.europeanrealestate.org\/blog\/es\/propiedad-semana-lujosa-villa-vesenaz-lago-leman\/","og_locale":"es_ES","og_type":"article","og_title":"Villa frente al lago Lem\u00e1n en V\u00e9senaz, Gimebra, Suiza | EREN","og_description":"Si desea vivir cerca de la ciudad de Ginebra, Suiza, en la exclusiva zona de V\u00e9senaz, le presentamos una lujosa villa en venta frente al lago Lem\u00e1n.","og_url":"https:\/\/www.europeanrealestate.org\/blog\/es\/propiedad-semana-lujosa-villa-vesenaz-lago-leman\/","og_site_name":"EREN","article_published_time":"2020-02-18T09:14:58+00:00","article_modified_time":"2020-02-20T15:26:01+00:00","og_image":[{"width":1254,"height":705,"url":"https:\/\/www.europeanrealestate.org\/blog\/wp-content\/uploads\/2020\/02\/villa-in-vesenaz-geneva-8-e1582014998910.jpg","type":"image\/jpeg"}],"author":"FGP Swiss &amp; Alps","twitter_card":"summary_large_image","twitter_misc":{"Escrito por":"FGP Swiss &amp; Alps","Tiempo de lectura":"2 minutos"},"schema":{"@context":"https:\/\/schema.org","@graph":[{"@type":"Article","@id":"https:\/\/www.europeanrealestate.org\/blog\/es\/propiedad-semana-lujosa-villa-vesenaz-lago-leman\/#article","isPartOf":{"@id":"https:\/\/www.europeanrealestate.org\/blog\/es\/propiedad-semana-lujosa-villa-vesenaz-lago-leman\/"},"author":{"name":"FGP Swiss &amp; Alps","@id":"https:\/\/www.europeanrealestate.org\/blog\/#\/schema\/person\/9170688e769b06dc75e7ea22c4223f0d"},"headline":"Propiedad de la semana: una lujosa villa en V\u00e9senaz frente al lago Lem\u00e1n, Ginebra","datePublished":"2020-02-18T09:14:58+00:00","dateModified":"2020-02-20T15:26:01+00:00","mainEntityOfPage":{"@id":"https:\/\/www.europeanrealestate.org\/blog\/es\/propiedad-semana-lujosa-villa-vesenaz-lago-leman\/"},"wordCount":431,"publisher":{"@id":"https:\/\/www.europeanrealestate.org\/blog\/#organization"},"image":{"@id":"https:\/\/www.europeanrealestate.org\/blog\/es\/propiedad-semana-lujosa-villa-vesenaz-lago-leman\/#primaryimage"},"thumbnailUrl":"https:\/\/www.europeanrealestate.org\/blog\/wp-content\/uploads\/2020\/02\/villa-in-vesenaz-geneva-8-e1582014998910.jpg","keywords":["CI Exclusive Properties","Lujo","Para vivir todo el a\u00f1o","Propiedades de lujo en Europa","Villas en Suiza","Vistas al lago"],"articleSection":["Propiedades destacadas"],"inLanguage":"es"},{"@type":"WebPage","@id":"https:\/\/www.europeanrealestate.org\/blog\/es\/propiedad-semana-lujosa-villa-vesenaz-lago-leman\/","url":"https:\/\/www.europeanrealestate.org\/blog\/es\/propiedad-semana-lujosa-villa-vesenaz-lago-leman\/","name":"Villa frente al lago Lem\u00e1n en V\u00e9senaz, Gimebra, Suiza | EREN","isPartOf":{"@id":"https:\/\/www.europeanrealestate.org\/blog\/#website"},"primaryImageOfPage":{"@id":"https:\/\/www.europeanrealestate.org\/blog\/es\/propiedad-semana-lujosa-villa-vesenaz-lago-leman\/#primaryimage"},"image":{"@id":"https:\/\/www.europeanrealestate.org\/blog\/es\/propiedad-semana-lujosa-villa-vesenaz-lago-leman\/#primaryimage"},"thumbnailUrl":"https:\/\/www.europeanrealestate.org\/blog\/wp-content\/uploads\/2020\/02\/villa-in-vesenaz-geneva-8-e1582014998910.jpg","datePublished":"2020-02-18T09:14:58+00:00","dateModified":"2020-02-20T15:26:01+00:00","description":"Si desea vivir cerca de la ciudad de Ginebra, Suiza, en la exclusiva zona de V\u00e9senaz, le presentamos una lujosa villa en venta frente al lago Lem\u00e1n.","breadcrumb":{"@id":"https:\/\/www.europeanrealestate.org\/blog\/es\/propiedad-semana-lujosa-villa-vesenaz-lago-leman\/#breadcrumb"},"inLanguage":"es","potentialAction":[{"@type":"ReadAction","target":["https:\/\/www.europeanrealestate.org\/blog\/es\/propiedad-semana-lujosa-villa-vesenaz-lago-leman\/"]}]},{"@type":"ImageObject","inLanguage":"es","@id":"https:\/\/www.europeanrealestate.org\/blog\/es\/propiedad-semana-lujosa-villa-vesenaz-lago-leman\/#primaryimage","url":"https:\/\/www.europeanrealestate.org\/blog\/wp-content\/uploads\/2020\/02\/villa-in-vesenaz-geneva-8-e1582014998910.jpg","contentUrl":"https:\/\/www.europeanrealestate.org\/blog\/wp-content\/uploads\/2020\/02\/villa-in-vesenaz-geneva-8-e1582014998910.jpg","width":1254,"height":705,"caption":"Villa de lujo frente al lago Lem\u00e1n en V\u00e9senaz"},{"@type":"BreadcrumbList","@id":"https:\/\/www.europeanrealestate.org\/blog\/es\/propiedad-semana-lujosa-villa-vesenaz-lago-leman\/#breadcrumb","itemListElement":[{"@type":"ListItem","position":1,"name":"Home","item":"https:\/\/www.europeanrealestate.org\/blog\/"},{"@type":"ListItem","position":2,"name":"Propiedad de la semana: una lujosa villa en V\u00e9senaz frente al lago Lem\u00e1n, Ginebra"}]},{"@type":"WebSite","@id":"https:\/\/www.europeanrealestate.org\/blog\/#website","url":"https:\/\/www.europeanrealestate.org\/blog\/","name":"EREN","description":"European Real Estate Network","publisher":{"@id":"https:\/\/www.europeanrealestate.org\/blog\/#organization"},"potentialAction":[{"@type":"SearchAction","target":{"@type":"EntryPoint","urlTemplate":"https:\/\/www.europeanrealestate.org\/blog\/?s={search_term_string}"},"query-input":"required name=search_term_string"}],"inLanguage":"es"},{"@type":"Organization","@id":"https:\/\/www.europeanrealestate.org\/blog\/#organization","name":"EREN","url":"https:\/\/www.europeanrealestate.org\/blog\/","logo":{"@type":"ImageObject","inLanguage":"es","@id":"https:\/\/www.europeanrealestate.org\/blog\/#\/schema\/logo\/image\/","url":"https:\/\/www.europeanrealestate.org\/blog\/wp-content\/uploads\/2019\/05\/EREN_LOGO.svg","contentUrl":"https:\/\/www.europeanrealestate.org\/blog\/wp-content\/uploads\/2019\/05\/EREN_LOGO.svg","width":184,"height":14,"caption":"EREN"},"image":{"@id":"https:\/\/www.europeanrealestate.org\/blog\/#\/schema\/logo\/image\/"}},{"@type":"Person","@id":"https:\/\/www.europeanrealestate.org\/blog\/#\/schema\/person\/9170688e769b06dc75e7ea22c4223f0d","name":"FGP Swiss &amp; Alps","image":{"@type":"ImageObject","inLanguage":"es","@id":"https:\/\/www.europeanrealestate.org\/blog\/#\/schema\/person\/image\/","url":"https:\/\/secure.gravatar.com\/avatar\/5998cbe5bbc42c8b2bd04629b5221fa3?s=96&d=mm&r=g","contentUrl":"https:\/\/secure.gravatar.com\/avatar\/5998cbe5bbc42c8b2bd04629b5221fa3?s=96&d=mm&r=g","caption":"FGP Swiss &amp; Alps"},"url":"https:\/\/www.europeanrealestate.org\/blog\/author\/ci-exclusive-properties\/"}]}},"_links":{"self":[{"href":"https:\/\/www.europeanrealestate.org\/blog\/wp-json\/wp\/v2\/posts\/10423"}],"collection":[{"href":"https:\/\/www.europeanrealestate.org\/blog\/wp-json\/wp\/v2\/posts"}],"about":[{"href":"https:\/\/www.europeanrealestate.org\/blog\/wp-json\/wp\/v2\/types\/post"}],"author":[{"embeddable":true,"href":"https:\/\/www.europeanrealestate.org\/blog\/wp-json\/wp\/v2\/users\/6"}],"replies":[{"embeddable":true,"href":"https:\/\/www.europeanrealestate.org\/blog\/wp-json\/wp\/v2\/comments?post=10423"}],"version-history":[{"count":8,"href":"https:\/\/www.europeanrealestate.org\/blog\/wp-json\/wp\/v2\/posts\/10423\/revisions"}],"predecessor-version":[{"id":10454,"href":"https:\/\/www.europeanrealestate.org\/blog\/wp-json\/wp\/v2\/posts\/10423\/revisions\/10454"}],"wp:featuredmedia":[{"embeddable":true,"href":"https:\/\/www.europeanrealestate.org\/blog\/wp-json\/wp\/v2\/media\/10430"}],"wp:attachment":[{"href":"https:\/\/www.europeanrealestate.org\/blog\/wp-json\/wp\/v2\/media?parent=10423"}],"wp:term":[{"taxonomy":"category","embeddable":true,"href":"https:\/\/www.europeanrealestate.org\/blog\/wp-json\/wp\/v2\/categories?post=10423"},{"taxonomy":"post_tag","embeddable":true,"href":"https:\/\/www.europeanrealestate.org\/blog\/wp-json\/wp\/v2\/tags?post=10423"}],"curies":[{"name":"wp","href":"https:\/\/api.w.org\/{rel}","templated":true}]}}