{"id":10592,"date":"2020-03-18T10:05:36","date_gmt":"2020-03-18T09:05:36","guid":{"rendered":"https:\/\/www.europeanrealestate.org\/blog\/?p=10592"},"modified":"2020-03-18T10:33:00","modified_gmt":"2020-03-18T09:33:00","slug":"propiedad-semana-moderna-villa-vistas-montana-baden-suiza","status":"publish","type":"post","link":"https:\/\/www.europeanrealestate.org\/blog\/es\/propiedad-semana-moderna-villa-vistas-montana-baden-suiza\/","title":{"rendered":"Propiedad de la semana: moderna villa con vistas a la monta\u00f1a en Baden, Suiza"},"content":{"rendered":"<p>Cuando pensamos en Suiza, nos vienen a la mente im\u00e1genes de <strong>verdes paisajes<\/strong>, preciosas localidades, <strong>estaciones de esqu\u00ed<\/strong> y <strong>vistas al lago<\/strong>, entre otras. Para aquellos que est\u00e1n buscando tanto una primera residencia como una vivienda vacacional en un oasis de paz y tranquilidad a tan solo unos minutos de la ciudad, les queremos presentar esta <strong>moderna villa con vistas a la monta\u00f1a<\/strong>. Esta casa pertenece al portfolio de nuestro miembro <a href=\"https:\/\/www.europeanrealestate.org\/es\/agencias-inmobiliarias\/walde-partner-immobilien\" target=\"_blank\" rel=\"noopener noreferrer\">Walde &amp; Partner<\/a> y se encuentra ubicada en el norte de Suiza, en <strong>Baden<\/strong>.<\/p>\n<p>Baden es un precioso e <strong>id\u00edlico enclave<\/strong> cerca del <strong>r\u00edo Limago<\/strong> que permite la practica de actividades como paseos en barco, aunque tambi\u00e9n, al encontrarse junto a las monta\u00f1as, es perfecto para los <strong>amantes de los deportes de invierno<\/strong>. Se trata de una regi\u00f3n Suiza muy valorada y codiciada tanto en los meses de invierno como en la \u00e9poca estival.<\/p>\n<h2>Elegancia y comodidad inmersas en un entorno natural<\/h2>\n<div id='gallery-1' class='gallery galleryid-10592 gallery-columns-2 gallery-size-full'><figure class='gallery-item'>\n\t\t\t<div class='gallery-icon landscape'>\n\t\t\t\t<img loading=\"lazy\" decoding=\"async\" width=\"2000\" height=\"1125\" src=\"https:\/\/www.europeanrealestate.org\/blog\/wp-content\/uploads\/2020\/03\/5063392_03A-e1584520713684.jpg\" class=\"attachment-full size-full\" alt=\"Sal\u00f3n contempor\u00e1neo con vistas a los alrededores\" srcset=\"https:\/\/www.europeanrealestate.org\/blog\/wp-content\/uploads\/2020\/03\/5063392_03A-e1584520713684.jpg 2000w, https:\/\/www.europeanrealestate.org\/blog\/wp-content\/uploads\/2020\/03\/5063392_03A-e1584520713684-300x169.jpg 300w, https:\/\/www.europeanrealestate.org\/blog\/wp-content\/uploads\/2020\/03\/5063392_03A-e1584520713684-768x432.jpg 768w, https:\/\/www.europeanrealestate.org\/blog\/wp-content\/uploads\/2020\/03\/5063392_03A-e1584520713684-1024x576.jpg 1024w\" sizes=\"(max-width: 2000px) 100vw, 2000px\" \/>\n\t\t\t<\/div><\/figure><figure class='gallery-item'>\n\t\t\t<div class='gallery-icon landscape'>\n\t\t\t\t<img loading=\"lazy\" decoding=\"async\" width=\"2000\" height=\"1125\" src=\"https:\/\/www.europeanrealestate.org\/blog\/wp-content\/uploads\/2020\/03\/5063392_02-e1584521036229.jpg\" class=\"attachment-full size-full\" alt=\"Sala de estar con vistas a la monta\u00f1a\" srcset=\"https:\/\/www.europeanrealestate.org\/blog\/wp-content\/uploads\/2020\/03\/5063392_02-e1584521036229.jpg 2000w, https:\/\/www.europeanrealestate.org\/blog\/wp-content\/uploads\/2020\/03\/5063392_02-e1584521036229-300x169.jpg 300w, https:\/\/www.europeanrealestate.org\/blog\/wp-content\/uploads\/2020\/03\/5063392_02-e1584521036229-768x432.jpg 768w, https:\/\/www.europeanrealestate.org\/blog\/wp-content\/uploads\/2020\/03\/5063392_02-e1584521036229-1024x576.jpg 1024w\" sizes=\"(max-width: 2000px) 100vw, 2000px\" \/>\n\t\t\t<\/div><\/figure>\n\t\t<\/div>\n\n<p>Esta <a href=\"https:\/\/www.europeanrealestate.org\/es\/referral\/WCHL09.311\" target=\"_blank\" rel=\"noopener noreferrer\">moderna villa<\/a> ofrece confort, acabados de la m\u00e1xima calidad, un dise\u00f1o interior moderno y <strong>una arquitectura exterior que se integra en armon\u00eda con el paisaje que la rodea<\/strong>. La casa presenta una distribuci\u00f3n en tres niveles con <strong>zonas de generosas proporciones que adem\u00e1s disponen de mucha luz natural<\/strong> y que maximizan al m\u00e1ximo cada espacio.<\/p>\n<p>Comprende un sal\u00f3n comedor con cocina de concepto abierto equipada con isla central, cuatro dormitorios, adem\u00e1s del dormitorio principal con cuarto de ba\u00f1o en-suite. Incluye un estudio con dormitorio en-suite y cocina ubicado en la planta baja de la propiedad.<\/p>\n<p>Extras: una fabulosa terraza, garaje con espacio para tres veh\u00edculos y una <strong>impresionante piscina interior<\/strong> equipada con sistema de nataci\u00f3n contracorriente para el m\u00e1ximo disfrute de sus residentes. Cabe destacar que las vistas al exterior desde la piscina son simplemente inigualables.<\/p>\n<div id='gallery-2' class='gallery galleryid-10592 gallery-columns-2 gallery-size-full'><figure class='gallery-item'>\n\t\t\t<div class='gallery-icon landscape'>\n\t\t\t\t<img loading=\"lazy\" decoding=\"async\" width=\"2000\" height=\"1125\" src=\"https:\/\/www.europeanrealestate.org\/blog\/wp-content\/uploads\/2020\/03\/5063392_08-e1584520512268.jpg\" class=\"attachment-full size-full\" alt=\"Piscina interior con vistas a la monta\u00f1a\" srcset=\"https:\/\/www.europeanrealestate.org\/blog\/wp-content\/uploads\/2020\/03\/5063392_08-e1584520512268.jpg 2000w, https:\/\/www.europeanrealestate.org\/blog\/wp-content\/uploads\/2020\/03\/5063392_08-e1584520512268-300x169.jpg 300w, https:\/\/www.europeanrealestate.org\/blog\/wp-content\/uploads\/2020\/03\/5063392_08-e1584520512268-768x432.jpg 768w, https:\/\/www.europeanrealestate.org\/blog\/wp-content\/uploads\/2020\/03\/5063392_08-e1584520512268-1024x576.jpg 1024w\" sizes=\"(max-width: 2000px) 100vw, 2000px\" \/>\n\t\t\t<\/div><\/figure><figure class='gallery-item'>\n\t\t\t<div class='gallery-icon landscape'>\n\t\t\t\t<img loading=\"lazy\" decoding=\"async\" width=\"2000\" height=\"1125\" src=\"https:\/\/www.europeanrealestate.org\/blog\/wp-content\/uploads\/2020\/03\/5063392_12-e1584520865965.jpg\" class=\"attachment-full size-full\" alt=\"Zona exterior de la villa\" srcset=\"https:\/\/www.europeanrealestate.org\/blog\/wp-content\/uploads\/2020\/03\/5063392_12-e1584520865965.jpg 2000w, https:\/\/www.europeanrealestate.org\/blog\/wp-content\/uploads\/2020\/03\/5063392_12-e1584520865965-300x169.jpg 300w, https:\/\/www.europeanrealestate.org\/blog\/wp-content\/uploads\/2020\/03\/5063392_12-e1584520865965-768x432.jpg 768w, https:\/\/www.europeanrealestate.org\/blog\/wp-content\/uploads\/2020\/03\/5063392_12-e1584520865965-1024x576.jpg 1024w\" sizes=\"(max-width: 2000px) 100vw, 2000px\" \/>\n\t\t\t<\/div><\/figure>\n\t\t<\/div>\n\n<p>La villa se encuentra en una tranquila zona residencial cerca de todo tipo de servicios, as\u00ed como del transporte p\u00fablico.<\/p>\n<p>Visite nuestro listado de <a href=\"https:\/\/www.europeanrealestate.org\/es\/results?t=1&amp;cat=1&amp;c=7&amp;o=price_desc\" target=\"_blank\" rel=\"noopener noreferrer\">propiedades en venta en Suiza<\/a> si desea descubrir m\u00e1s propiedades en este cant\u00f3n suizo o en cualquier otra regi\u00f3n del pa\u00eds.<\/p>\n","protected":false},"excerpt":{"rendered":"<p>Dise\u00f1o arquitect\u00f3nico moderno, interior de concepto abierto, elegantes acabados y exclusivas instalaciones son algunas de las bondades que ofrece esta moderna villa en Baden, Suiza. Siga leyendo para descubrir m\u00e1s.<\/p>\n","protected":false},"author":14,"featured_media":10606,"comment_status":"closed","ping_status":"closed","sticky":false,"template":"","format":"standard","meta":{"footnotes":""},"categories":[1091],"tags":[5169,5667,5621],"yoast_head":"<!-- This site is optimized with the Yoast SEO plugin v23.0 - https:\/\/yoast.com\/wordpress\/plugins\/seo\/ -->\n<title>Moderna villa con vistas a la monta\u00f1a en Baden, Suiza | EREN<\/title>\n<meta name=\"description\" content=\"Si est\u00e1 interesado en adquirir una propiedad a la venta en Suiza, esta moderna villa ubicada en Baden, Suiza, es lo que est\u00e1 buscando.\" \/>\n<meta name=\"robots\" content=\"index, follow, max-snippet:-1, max-image-preview:large, max-video-preview:-1\" \/>\n<link rel=\"canonical\" href=\"https:\/\/www.europeanrealestate.org\/blog\/es\/propiedad-semana-moderna-villa-vistas-montana-baden-suiza\/\" \/>\n<meta property=\"og:locale\" content=\"es_ES\" \/>\n<meta property=\"og:type\" content=\"article\" \/>\n<meta property=\"og:title\" content=\"Moderna villa con vistas a la monta\u00f1a en Baden, Suiza | EREN\" \/>\n<meta property=\"og:description\" content=\"Si est\u00e1 interesado en adquirir una propiedad a la venta en Suiza, esta moderna villa ubicada en Baden, Suiza, es lo que est\u00e1 buscando.\" \/>\n<meta property=\"og:url\" content=\"https:\/\/www.europeanrealestate.org\/blog\/es\/propiedad-semana-moderna-villa-vistas-montana-baden-suiza\/\" \/>\n<meta property=\"og:site_name\" content=\"EREN\" \/>\n<meta property=\"article:published_time\" content=\"2020-03-18T09:05:36+00:00\" \/>\n<meta property=\"article:modified_time\" content=\"2020-03-18T09:33:00+00:00\" \/>\n<meta property=\"og:image\" content=\"https:\/\/www.europeanrealestate.org\/blog\/wp-content\/uploads\/2020\/03\/5063392_11-1-e1584520248172.jpg\" \/>\n\t<meta property=\"og:image:width\" content=\"2000\" \/>\n\t<meta property=\"og:image:height\" content=\"1125\" \/>\n\t<meta property=\"og:image:type\" content=\"image\/jpeg\" \/>\n<meta name=\"author\" content=\"Walde &amp; Partner Immobilien\" \/>\n<meta name=\"twitter:card\" content=\"summary_large_image\" \/>\n<meta name=\"twitter:label1\" content=\"Escrito por\" \/>\n\t<meta name=\"twitter:data1\" content=\"Walde &amp; Partner Immobilien\" \/>\n\t<meta name=\"twitter:label2\" content=\"Tiempo de lectura\" \/>\n\t<meta name=\"twitter:data2\" content=\"2 minutos\" \/>\n<script type=\"application\/ld+json\" class=\"yoast-schema-graph\">{\"@context\":\"https:\/\/schema.org\",\"@graph\":[{\"@type\":\"Article\",\"@id\":\"https:\/\/www.europeanrealestate.org\/blog\/es\/propiedad-semana-moderna-villa-vistas-montana-baden-suiza\/#article\",\"isPartOf\":{\"@id\":\"https:\/\/www.europeanrealestate.org\/blog\/es\/propiedad-semana-moderna-villa-vistas-montana-baden-suiza\/\"},\"author\":{\"name\":\"Walde &amp; Partner Immobilien\",\"@id\":\"https:\/\/www.europeanrealestate.org\/blog\/#\/schema\/person\/417242e18f7c9483b19982ed470f8ea9\"},\"headline\":\"Propiedad de la semana: moderna villa con vistas a la monta\u00f1a en Baden, Suiza\",\"datePublished\":\"2020-03-18T09:05:36+00:00\",\"dateModified\":\"2020-03-18T09:33:00+00:00\",\"mainEntityOfPage\":{\"@id\":\"https:\/\/www.europeanrealestate.org\/blog\/es\/propiedad-semana-moderna-villa-vistas-montana-baden-suiza\/\"},\"wordCount\":389,\"publisher\":{\"@id\":\"https:\/\/www.europeanrealestate.org\/blog\/#organization\"},\"image\":{\"@id\":\"https:\/\/www.europeanrealestate.org\/blog\/es\/propiedad-semana-moderna-villa-vistas-montana-baden-suiza\/#primaryimage\"},\"thumbnailUrl\":\"https:\/\/www.europeanrealestate.org\/blog\/wp-content\/uploads\/2020\/03\/5063392_11-1-e1584520248172.jpg\",\"keywords\":[\"Propiedades de lujo en Europa\",\"Vistas a las monta\u00f1as\",\"Walde &amp; Partner Immobilien\"],\"articleSection\":[\"Propiedades destacadas\"],\"inLanguage\":\"es\"},{\"@type\":\"WebPage\",\"@id\":\"https:\/\/www.europeanrealestate.org\/blog\/es\/propiedad-semana-moderna-villa-vistas-montana-baden-suiza\/\",\"url\":\"https:\/\/www.europeanrealestate.org\/blog\/es\/propiedad-semana-moderna-villa-vistas-montana-baden-suiza\/\",\"name\":\"Moderna villa con vistas a la monta\u00f1a en Baden, Suiza | EREN\",\"isPartOf\":{\"@id\":\"https:\/\/www.europeanrealestate.org\/blog\/#website\"},\"primaryImageOfPage\":{\"@id\":\"https:\/\/www.europeanrealestate.org\/blog\/es\/propiedad-semana-moderna-villa-vistas-montana-baden-suiza\/#primaryimage\"},\"image\":{\"@id\":\"https:\/\/www.europeanrealestate.org\/blog\/es\/propiedad-semana-moderna-villa-vistas-montana-baden-suiza\/#primaryimage\"},\"thumbnailUrl\":\"https:\/\/www.europeanrealestate.org\/blog\/wp-content\/uploads\/2020\/03\/5063392_11-1-e1584520248172.jpg\",\"datePublished\":\"2020-03-18T09:05:36+00:00\",\"dateModified\":\"2020-03-18T09:33:00+00:00\",\"description\":\"Si est\u00e1 interesado en adquirir una propiedad a la venta en Suiza, esta moderna villa ubicada en Baden, Suiza, es lo que est\u00e1 buscando.\",\"breadcrumb\":{\"@id\":\"https:\/\/www.europeanrealestate.org\/blog\/es\/propiedad-semana-moderna-villa-vistas-montana-baden-suiza\/#breadcrumb\"},\"inLanguage\":\"es\",\"potentialAction\":[{\"@type\":\"ReadAction\",\"target\":[\"https:\/\/www.europeanrealestate.org\/blog\/es\/propiedad-semana-moderna-villa-vistas-montana-baden-suiza\/\"]}]},{\"@type\":\"ImageObject\",\"inLanguage\":\"es\",\"@id\":\"https:\/\/www.europeanrealestate.org\/blog\/es\/propiedad-semana-moderna-villa-vistas-montana-baden-suiza\/#primaryimage\",\"url\":\"https:\/\/www.europeanrealestate.org\/blog\/wp-content\/uploads\/2020\/03\/5063392_11-1-e1584520248172.jpg\",\"contentUrl\":\"https:\/\/www.europeanrealestate.org\/blog\/wp-content\/uploads\/2020\/03\/5063392_11-1-e1584520248172.jpg\",\"width\":2000,\"height\":1125,\"caption\":\"Moderna villa enclavada en la naturaleza\"},{\"@type\":\"BreadcrumbList\",\"@id\":\"https:\/\/www.europeanrealestate.org\/blog\/es\/propiedad-semana-moderna-villa-vistas-montana-baden-suiza\/#breadcrumb\",\"itemListElement\":[{\"@type\":\"ListItem\",\"position\":1,\"name\":\"Home\",\"item\":\"https:\/\/www.europeanrealestate.org\/blog\/\"},{\"@type\":\"ListItem\",\"position\":2,\"name\":\"Propiedad de la semana: moderna villa con vistas a la monta\u00f1a en Baden, Suiza\"}]},{\"@type\":\"WebSite\",\"@id\":\"https:\/\/www.europeanrealestate.org\/blog\/#website\",\"url\":\"https:\/\/www.europeanrealestate.org\/blog\/\",\"name\":\"EREN\",\"description\":\"European Real Estate Network\",\"publisher\":{\"@id\":\"https:\/\/www.europeanrealestate.org\/blog\/#organization\"},\"potentialAction\":[{\"@type\":\"SearchAction\",\"target\":{\"@type\":\"EntryPoint\",\"urlTemplate\":\"https:\/\/www.europeanrealestate.org\/blog\/?s={search_term_string}\"},\"query-input\":\"required name=search_term_string\"}],\"inLanguage\":\"es\"},{\"@type\":\"Organization\",\"@id\":\"https:\/\/www.europeanrealestate.org\/blog\/#organization\",\"name\":\"EREN\",\"url\":\"https:\/\/www.europeanrealestate.org\/blog\/\",\"logo\":{\"@type\":\"ImageObject\",\"inLanguage\":\"es\",\"@id\":\"https:\/\/www.europeanrealestate.org\/blog\/#\/schema\/logo\/image\/\",\"url\":\"https:\/\/www.europeanrealestate.org\/blog\/wp-content\/uploads\/2019\/05\/EREN_LOGO.svg\",\"contentUrl\":\"https:\/\/www.europeanrealestate.org\/blog\/wp-content\/uploads\/2019\/05\/EREN_LOGO.svg\",\"width\":184,\"height\":14,\"caption\":\"EREN\"},\"image\":{\"@id\":\"https:\/\/www.europeanrealestate.org\/blog\/#\/schema\/logo\/image\/\"}},{\"@type\":\"Person\",\"@id\":\"https:\/\/www.europeanrealestate.org\/blog\/#\/schema\/person\/417242e18f7c9483b19982ed470f8ea9\",\"name\":\"Walde &amp; Partner Immobilien\",\"image\":{\"@type\":\"ImageObject\",\"inLanguage\":\"es\",\"@id\":\"https:\/\/www.europeanrealestate.org\/blog\/#\/schema\/person\/image\/\",\"url\":\"https:\/\/secure.gravatar.com\/avatar\/01d97cafc12d4ab77228dd20cd5c3163?s=96&d=mm&r=g\",\"contentUrl\":\"https:\/\/secure.gravatar.com\/avatar\/01d97cafc12d4ab77228dd20cd5c3163?s=96&d=mm&r=g\",\"caption\":\"Walde &amp; Partner Immobilien\"},\"url\":\"https:\/\/www.europeanrealestate.org\/blog\/author\/walde-partner-immobilien\/\"}]}<\/script>\n<!-- \/ Yoast SEO plugin. -->","yoast_head_json":{"title":"Moderna villa con vistas a la monta\u00f1a en Baden, Suiza | EREN","description":"Si est\u00e1 interesado en adquirir una propiedad a la venta en Suiza, esta moderna villa ubicada en Baden, Suiza, es lo que est\u00e1 buscando.","robots":{"index":"index","follow":"follow","max-snippet":"max-snippet:-1","max-image-preview":"max-image-preview:large","max-video-preview":"max-video-preview:-1"},"canonical":"https:\/\/www.europeanrealestate.org\/blog\/es\/propiedad-semana-moderna-villa-vistas-montana-baden-suiza\/","og_locale":"es_ES","og_type":"article","og_title":"Moderna villa con vistas a la monta\u00f1a en Baden, Suiza | EREN","og_description":"Si est\u00e1 interesado en adquirir una propiedad a la venta en Suiza, esta moderna villa ubicada en Baden, Suiza, es lo que est\u00e1 buscando.","og_url":"https:\/\/www.europeanrealestate.org\/blog\/es\/propiedad-semana-moderna-villa-vistas-montana-baden-suiza\/","og_site_name":"EREN","article_published_time":"2020-03-18T09:05:36+00:00","article_modified_time":"2020-03-18T09:33:00+00:00","og_image":[{"width":2000,"height":1125,"url":"https:\/\/www.europeanrealestate.org\/blog\/wp-content\/uploads\/2020\/03\/5063392_11-1-e1584520248172.jpg","type":"image\/jpeg"}],"author":"Walde &amp; Partner Immobilien","twitter_card":"summary_large_image","twitter_misc":{"Escrito por":"Walde &amp; Partner Immobilien","Tiempo de lectura":"2 minutos"},"schema":{"@context":"https:\/\/schema.org","@graph":[{"@type":"Article","@id":"https:\/\/www.europeanrealestate.org\/blog\/es\/propiedad-semana-moderna-villa-vistas-montana-baden-suiza\/#article","isPartOf":{"@id":"https:\/\/www.europeanrealestate.org\/blog\/es\/propiedad-semana-moderna-villa-vistas-montana-baden-suiza\/"},"author":{"name":"Walde &amp; Partner Immobilien","@id":"https:\/\/www.europeanrealestate.org\/blog\/#\/schema\/person\/417242e18f7c9483b19982ed470f8ea9"},"headline":"Propiedad de la semana: moderna villa con vistas a la monta\u00f1a en Baden, Suiza","datePublished":"2020-03-18T09:05:36+00:00","dateModified":"2020-03-18T09:33:00+00:00","mainEntityOfPage":{"@id":"https:\/\/www.europeanrealestate.org\/blog\/es\/propiedad-semana-moderna-villa-vistas-montana-baden-suiza\/"},"wordCount":389,"publisher":{"@id":"https:\/\/www.europeanrealestate.org\/blog\/#organization"},"image":{"@id":"https:\/\/www.europeanrealestate.org\/blog\/es\/propiedad-semana-moderna-villa-vistas-montana-baden-suiza\/#primaryimage"},"thumbnailUrl":"https:\/\/www.europeanrealestate.org\/blog\/wp-content\/uploads\/2020\/03\/5063392_11-1-e1584520248172.jpg","keywords":["Propiedades de lujo en Europa","Vistas a las monta\u00f1as","Walde &amp; Partner Immobilien"],"articleSection":["Propiedades destacadas"],"inLanguage":"es"},{"@type":"WebPage","@id":"https:\/\/www.europeanrealestate.org\/blog\/es\/propiedad-semana-moderna-villa-vistas-montana-baden-suiza\/","url":"https:\/\/www.europeanrealestate.org\/blog\/es\/propiedad-semana-moderna-villa-vistas-montana-baden-suiza\/","name":"Moderna villa con vistas a la monta\u00f1a en Baden, Suiza | EREN","isPartOf":{"@id":"https:\/\/www.europeanrealestate.org\/blog\/#website"},"primaryImageOfPage":{"@id":"https:\/\/www.europeanrealestate.org\/blog\/es\/propiedad-semana-moderna-villa-vistas-montana-baden-suiza\/#primaryimage"},"image":{"@id":"https:\/\/www.europeanrealestate.org\/blog\/es\/propiedad-semana-moderna-villa-vistas-montana-baden-suiza\/#primaryimage"},"thumbnailUrl":"https:\/\/www.europeanrealestate.org\/blog\/wp-content\/uploads\/2020\/03\/5063392_11-1-e1584520248172.jpg","datePublished":"2020-03-18T09:05:36+00:00","dateModified":"2020-03-18T09:33:00+00:00","description":"Si est\u00e1 interesado en adquirir una propiedad a la venta en Suiza, esta moderna villa ubicada en Baden, Suiza, es lo que est\u00e1 buscando.","breadcrumb":{"@id":"https:\/\/www.europeanrealestate.org\/blog\/es\/propiedad-semana-moderna-villa-vistas-montana-baden-suiza\/#breadcrumb"},"inLanguage":"es","potentialAction":[{"@type":"ReadAction","target":["https:\/\/www.europeanrealestate.org\/blog\/es\/propiedad-semana-moderna-villa-vistas-montana-baden-suiza\/"]}]},{"@type":"ImageObject","inLanguage":"es","@id":"https:\/\/www.europeanrealestate.org\/blog\/es\/propiedad-semana-moderna-villa-vistas-montana-baden-suiza\/#primaryimage","url":"https:\/\/www.europeanrealestate.org\/blog\/wp-content\/uploads\/2020\/03\/5063392_11-1-e1584520248172.jpg","contentUrl":"https:\/\/www.europeanrealestate.org\/blog\/wp-content\/uploads\/2020\/03\/5063392_11-1-e1584520248172.jpg","width":2000,"height":1125,"caption":"Moderna villa enclavada en la naturaleza"},{"@type":"BreadcrumbList","@id":"https:\/\/www.europeanrealestate.org\/blog\/es\/propiedad-semana-moderna-villa-vistas-montana-baden-suiza\/#breadcrumb","itemListElement":[{"@type":"ListItem","position":1,"name":"Home","item":"https:\/\/www.europeanrealestate.org\/blog\/"},{"@type":"ListItem","position":2,"name":"Propiedad de la semana: moderna villa con vistas a la monta\u00f1a en Baden, Suiza"}]},{"@type":"WebSite","@id":"https:\/\/www.europeanrealestate.org\/blog\/#website","url":"https:\/\/www.europeanrealestate.org\/blog\/","name":"EREN","description":"European Real Estate Network","publisher":{"@id":"https:\/\/www.europeanrealestate.org\/blog\/#organization"},"potentialAction":[{"@type":"SearchAction","target":{"@type":"EntryPoint","urlTemplate":"https:\/\/www.europeanrealestate.org\/blog\/?s={search_term_string}"},"query-input":"required name=search_term_string"}],"inLanguage":"es"},{"@type":"Organization","@id":"https:\/\/www.europeanrealestate.org\/blog\/#organization","name":"EREN","url":"https:\/\/www.europeanrealestate.org\/blog\/","logo":{"@type":"ImageObject","inLanguage":"es","@id":"https:\/\/www.europeanrealestate.org\/blog\/#\/schema\/logo\/image\/","url":"https:\/\/www.europeanrealestate.org\/blog\/wp-content\/uploads\/2019\/05\/EREN_LOGO.svg","contentUrl":"https:\/\/www.europeanrealestate.org\/blog\/wp-content\/uploads\/2019\/05\/EREN_LOGO.svg","width":184,"height":14,"caption":"EREN"},"image":{"@id":"https:\/\/www.europeanrealestate.org\/blog\/#\/schema\/logo\/image\/"}},{"@type":"Person","@id":"https:\/\/www.europeanrealestate.org\/blog\/#\/schema\/person\/417242e18f7c9483b19982ed470f8ea9","name":"Walde &amp; Partner Immobilien","image":{"@type":"ImageObject","inLanguage":"es","@id":"https:\/\/www.europeanrealestate.org\/blog\/#\/schema\/person\/image\/","url":"https:\/\/secure.gravatar.com\/avatar\/01d97cafc12d4ab77228dd20cd5c3163?s=96&d=mm&r=g","contentUrl":"https:\/\/secure.gravatar.com\/avatar\/01d97cafc12d4ab77228dd20cd5c3163?s=96&d=mm&r=g","caption":"Walde &amp; Partner Immobilien"},"url":"https:\/\/www.europeanrealestate.org\/blog\/author\/walde-partner-immobilien\/"}]}},"_links":{"self":[{"href":"https:\/\/www.europeanrealestate.org\/blog\/wp-json\/wp\/v2\/posts\/10592"}],"collection":[{"href":"https:\/\/www.europeanrealestate.org\/blog\/wp-json\/wp\/v2\/posts"}],"about":[{"href":"https:\/\/www.europeanrealestate.org\/blog\/wp-json\/wp\/v2\/types\/post"}],"author":[{"embeddable":true,"href":"https:\/\/www.europeanrealestate.org\/blog\/wp-json\/wp\/v2\/users\/14"}],"replies":[{"embeddable":true,"href":"https:\/\/www.europeanrealestate.org\/blog\/wp-json\/wp\/v2\/comments?post=10592"}],"version-history":[{"count":5,"href":"https:\/\/www.europeanrealestate.org\/blog\/wp-json\/wp\/v2\/posts\/10592\/revisions"}],"predecessor-version":[{"id":10614,"href":"https:\/\/www.europeanrealestate.org\/blog\/wp-json\/wp\/v2\/posts\/10592\/revisions\/10614"}],"wp:featuredmedia":[{"embeddable":true,"href":"https:\/\/www.europeanrealestate.org\/blog\/wp-json\/wp\/v2\/media\/10606"}],"wp:attachment":[{"href":"https:\/\/www.europeanrealestate.org\/blog\/wp-json\/wp\/v2\/media?parent=10592"}],"wp:term":[{"taxonomy":"category","embeddable":true,"href":"https:\/\/www.europeanrealestate.org\/blog\/wp-json\/wp\/v2\/categories?post=10592"},{"taxonomy":"post_tag","embeddable":true,"href":"https:\/\/www.europeanrealestate.org\/blog\/wp-json\/wp\/v2\/tags?post=10592"}],"curies":[{"name":"wp","href":"https:\/\/api.w.org\/{rel}","templated":true}]}}