{"id":10617,"date":"2020-04-30T13:34:13","date_gmt":"2020-04-30T11:34:13","guid":{"rendered":"https:\/\/www.europeanrealestate.org\/blog\/?p=10617"},"modified":"2020-04-30T13:34:15","modified_gmt":"2020-04-30T11:34:15","slug":"eren-celebra-15-aniversario-lanzamiento-villae-15","status":"publish","type":"post","link":"https:\/\/www.europeanrealestate.org\/blog\/es\/eren-celebra-15-aniversario-lanzamiento-villae-15\/","title":{"rendered":"EREN celebra su 15\u00ba aniversario y el lanzamiento de Villae 15"},"content":{"rendered":"<p>En noviembre de 2019 estuvimos de celebraci\u00f3n y es que EREN cumpli\u00f3 15 a\u00f1os. En esta ocasi\u00f3n y como cada a\u00f1o desde la fundaci\u00f3n de la red, tenemos el placer de comunicarles que ya est\u00e1 disponible la 15\u00aa edici\u00f3n de nuestra revista Villae International.<\/p>\n<p>Si volvemos la vista atr\u00e1s, son muchas las cosas que han pasado en el sector inmobiliario en estos quince a\u00f1os. Pero hemos tenido la suerte de afrontarlas, colaborar y crecer junto a algunas de las mejores <a href=\"https:\/\/www.europeanrealestate.org\/es\/agencias-inmobiliarias\" target=\"_blank\" rel=\"noopener noreferrer\">inmobiliarias del sector de lujo a nivel europeo<\/a>. Y lo m\u00e1s importante de todo, nos hemos esforzado en ofrecer a nuestros clientes el mejor servicio y poner a su disposici\u00f3n toda nuestra experiencia para ayudarles a encontrar la vivienda adecuada o asesorarles en la venta de los inmuebles m\u00e1s exclusivos.<\/p>\n<h2>Villae 15, el reflejo de EREN<\/h2>\n<div id='gallery-1' class='gallery galleryid-10617 gallery-columns-3 gallery-size-large'><figure class='gallery-item'>\n\t\t\t<div class='gallery-icon landscape'>\n\t\t\t\t<img loading=\"lazy\" decoding=\"async\" width=\"780\" height=\"439\" src=\"https:\/\/www.europeanrealestate.org\/blog\/wp-content\/uploads\/2020\/04\/villae-15-zurich-2019-1024x576.jpg\" class=\"attachment-large size-large\" alt=\"Encuentro de EREN 2019: Z\u00farich - Villae 15\" srcset=\"https:\/\/www.europeanrealestate.org\/blog\/wp-content\/uploads\/2020\/04\/villae-15-zurich-2019-1024x576.jpg 1024w, https:\/\/www.europeanrealestate.org\/blog\/wp-content\/uploads\/2020\/04\/villae-15-zurich-2019-300x169.jpg 300w, https:\/\/www.europeanrealestate.org\/blog\/wp-content\/uploads\/2020\/04\/villae-15-zurich-2019-768x432.jpg 768w, https:\/\/www.europeanrealestate.org\/blog\/wp-content\/uploads\/2020\/04\/villae-15-zurich-2019-800x450.jpg 800w, https:\/\/www.europeanrealestate.org\/blog\/wp-content\/uploads\/2020\/04\/villae-15-zurich-2019-620x349.jpg 620w, https:\/\/www.europeanrealestate.org\/blog\/wp-content\/uploads\/2020\/04\/villae-15-zurich-2019-400x225.jpg 400w, https:\/\/www.europeanrealestate.org\/blog\/wp-content\/uploads\/2020\/04\/villae-15-zurich-2019.jpg 1422w\" sizes=\"(max-width: 780px) 100vw, 780px\" \/>\n\t\t\t<\/div><\/figure><figure class='gallery-item'>\n\t\t\t<div class='gallery-icon landscape'>\n\t\t\t\t<img loading=\"lazy\" decoding=\"async\" width=\"780\" height=\"439\" src=\"https:\/\/www.europeanrealestate.org\/blog\/wp-content\/uploads\/2020\/04\/villae-15-serviced-residences-1024x576.jpg\" class=\"attachment-large size-large\" alt=\"Residencias con servicios 5 estrellas - Villae 15\" srcset=\"https:\/\/www.europeanrealestate.org\/blog\/wp-content\/uploads\/2020\/04\/villae-15-serviced-residences-1024x576.jpg 1024w, https:\/\/www.europeanrealestate.org\/blog\/wp-content\/uploads\/2020\/04\/villae-15-serviced-residences-300x169.jpg 300w, https:\/\/www.europeanrealestate.org\/blog\/wp-content\/uploads\/2020\/04\/villae-15-serviced-residences-768x432.jpg 768w, https:\/\/www.europeanrealestate.org\/blog\/wp-content\/uploads\/2020\/04\/villae-15-serviced-residences-800x450.jpg 800w, https:\/\/www.europeanrealestate.org\/blog\/wp-content\/uploads\/2020\/04\/villae-15-serviced-residences-620x349.jpg 620w, https:\/\/www.europeanrealestate.org\/blog\/wp-content\/uploads\/2020\/04\/villae-15-serviced-residences-400x225.jpg 400w, https:\/\/www.europeanrealestate.org\/blog\/wp-content\/uploads\/2020\/04\/villae-15-serviced-residences.jpg 1422w\" sizes=\"(max-width: 780px) 100vw, 780px\" \/>\n\t\t\t<\/div><\/figure><figure class='gallery-item'>\n\t\t\t<div class='gallery-icon landscape'>\n\t\t\t\t<img loading=\"lazy\" decoding=\"async\" width=\"780\" height=\"439\" src=\"https:\/\/www.europeanrealestate.org\/blog\/wp-content\/uploads\/2020\/04\/villae-15-oceanco-1024x576.jpg\" class=\"attachment-large size-large\" alt=\"Superyates de Oceanco - Villae 15\" srcset=\"https:\/\/www.europeanrealestate.org\/blog\/wp-content\/uploads\/2020\/04\/villae-15-oceanco-1024x576.jpg 1024w, https:\/\/www.europeanrealestate.org\/blog\/wp-content\/uploads\/2020\/04\/villae-15-oceanco-300x169.jpg 300w, https:\/\/www.europeanrealestate.org\/blog\/wp-content\/uploads\/2020\/04\/villae-15-oceanco-768x432.jpg 768w, https:\/\/www.europeanrealestate.org\/blog\/wp-content\/uploads\/2020\/04\/villae-15-oceanco-800x450.jpg 800w, https:\/\/www.europeanrealestate.org\/blog\/wp-content\/uploads\/2020\/04\/villae-15-oceanco-620x349.jpg 620w, https:\/\/www.europeanrealestate.org\/blog\/wp-content\/uploads\/2020\/04\/villae-15-oceanco-400x225.jpg 400w, https:\/\/www.europeanrealestate.org\/blog\/wp-content\/uploads\/2020\/04\/villae-15-oceanco.jpg 1422w\" sizes=\"(max-width: 780px) 100vw, 780px\" \/>\n\t\t\t<\/div><\/figure>\n\t\t<\/div>\n\n<p>Hemos dise\u00f1ado Villae 15 \u2013 y las anteriores ediciones de nuestra revista Villae International \u2013 para que refleje la naturaleza de EREN y nuestros principales valores, pero con un toque fresco y atractivo para nuestros lectores.<\/p>\n<p>La revista incluye una peque\u00f1a selecci\u00f3n de la cartera de inmuebles de nuestros miembros, casas y apartamentos de lujo en venta en ciudades espa\u00f1olas como Barcelona, Valencia y J\u00e1vea &#8211; Costa Blanca y Marbella, as\u00ed como en Verona y Roma, Lisboa y Viena o en diferentes cantones de Suiza.<\/p>\n<p>Entre sus p\u00e1ginas encontrar\u00e1n tambi\u00e9n art\u00edculos relacionados con el mundo del lujo y estilos de vida. Sin embargo, no nos hemos olvidado de tratar temas de actualidad como el Brexit o las consecuencias de los avances tecnol\u00f3gicos, la llamada \u201csegunda era de las maquinas\u201d.<\/p>\n<p>En esta nueva edici\u00f3n y gracias a nuestros miembros Immobilsarda, Marschall Real Estate, Walde &amp; Partner Immobilien y Amat Luxury, podr\u00e1 descubrir, adem\u00e1s, cuatro localizaciones europeas. Concretamente, Gallura \u2013 Costa Smeralda, Viena, Z\u00farich y Barcelona. Hemos realizado una breve entrevista en la que los CEOs de estas cuatro agencias nos explican la historia y esencia de estas ciudades, qu\u00e9 podemos esperar y c\u00f3mo es vivir en ellas.<\/p>\n<p>Igual que las primeras p\u00e1ginas de la revista se centran en la \u00faltima reuni\u00f3n de EREN, celebrada en octubre de 2019 en Z\u00farich, cerramos la publicaci\u00f3n con una secci\u00f3n que define a la perfecci\u00f3n la esencia de EREN y da fe de la estrecha colaboraci\u00f3n que hay entre los miembros.<\/p>\n<p>Pueden leer <a href=\"https:\/\/www.europeanrealestate.org\/es\/revista-villae-international\/15\" target=\"_blank\" rel=\"noopener noreferrer\">Villae 15<\/a> o cualquiera de las ediciones anteriores (diponible solo en ingl\u00e9s), en nuestra web. Esperamos que disfruten de la lectura.<\/p>\n","protected":false},"excerpt":{"rendered":"<p>Ya est\u00e1 disponible la versi\u00f3n online la 15\u00aa edici\u00f3n de nuestra revista Villae International, una publicaci\u00f3n que refleja la esencia de EREN y con un toque fresco y atractivo para nuestros lectores.<\/p>\n","protected":false},"author":1,"featured_media":10631,"comment_status":"closed","ping_status":"closed","sticky":false,"template":"","format":"standard","meta":{"footnotes":""},"categories":[16],"tags":[5159,5189,5582,5137,5179],"yoast_head":"<!-- This site is optimized with the Yoast SEO plugin v23.0 - https:\/\/yoast.com\/wordpress\/plugins\/seo\/ -->\n<title>EREN cumple 15 a\u00f1os y lanza su revista Villae 15 | EREN<\/title>\n<meta name=\"description\" content=\"Descubre en Villae 15 una peque\u00f1a selecci\u00f3n de casas de lujo en venta en diferentes ciudades europeas y reportajes sobre el mundo del lujo y actualidad.\" \/>\n<meta name=\"robots\" content=\"index, follow, max-snippet:-1, max-image-preview:large, max-video-preview:-1\" \/>\n<link rel=\"canonical\" href=\"https:\/\/www.europeanrealestate.org\/blog\/es\/eren-celebra-15-aniversario-lanzamiento-villae-15\/\" \/>\n<meta property=\"og:locale\" content=\"es_ES\" \/>\n<meta property=\"og:type\" content=\"article\" \/>\n<meta property=\"og:title\" content=\"EREN cumple 15 a\u00f1os y lanza su revista Villae 15 | EREN\" \/>\n<meta property=\"og:description\" content=\"Descubre en Villae 15 una peque\u00f1a selecci\u00f3n de casas de lujo en venta en diferentes ciudades europeas y reportajes sobre el mundo del lujo y actualidad.\" \/>\n<meta property=\"og:url\" content=\"https:\/\/www.europeanrealestate.org\/blog\/es\/eren-celebra-15-aniversario-lanzamiento-villae-15\/\" \/>\n<meta property=\"og:site_name\" content=\"EREN\" \/>\n<meta property=\"article:published_time\" content=\"2020-04-30T11:34:13+00:00\" \/>\n<meta property=\"article:modified_time\" content=\"2020-04-30T11:34:15+00:00\" \/>\n<meta property=\"og:image\" content=\"https:\/\/www.europeanrealestate.org\/blog\/wp-content\/uploads\/2020\/04\/villae-15-portada.jpg\" \/>\n\t<meta property=\"og:image:width\" content=\"1422\" \/>\n\t<meta property=\"og:image:height\" content=\"800\" \/>\n\t<meta property=\"og:image:type\" content=\"image\/jpeg\" \/>\n<meta name=\"author\" content=\"EREN\" \/>\n<meta name=\"twitter:card\" content=\"summary_large_image\" \/>\n<meta name=\"twitter:label1\" content=\"Escrito por\" \/>\n\t<meta name=\"twitter:data1\" content=\"EREN\" \/>\n\t<meta name=\"twitter:label2\" content=\"Tiempo de lectura\" \/>\n\t<meta name=\"twitter:data2\" content=\"2 minutos\" \/>\n<script type=\"application\/ld+json\" class=\"yoast-schema-graph\">{\"@context\":\"https:\/\/schema.org\",\"@graph\":[{\"@type\":\"Article\",\"@id\":\"https:\/\/www.europeanrealestate.org\/blog\/es\/eren-celebra-15-aniversario-lanzamiento-villae-15\/#article\",\"isPartOf\":{\"@id\":\"https:\/\/www.europeanrealestate.org\/blog\/es\/eren-celebra-15-aniversario-lanzamiento-villae-15\/\"},\"author\":{\"name\":\"EREN\",\"@id\":\"https:\/\/www.europeanrealestate.org\/blog\/#\/schema\/person\/6a5818c38bd30c858e2236707d38658d\"},\"headline\":\"EREN celebra su 15\u00ba aniversario y el lanzamiento de Villae 15\",\"datePublished\":\"2020-04-30T11:34:13+00:00\",\"dateModified\":\"2020-04-30T11:34:15+00:00\",\"mainEntityOfPage\":{\"@id\":\"https:\/\/www.europeanrealestate.org\/blog\/es\/eren-celebra-15-aniversario-lanzamiento-villae-15\/\"},\"wordCount\":443,\"publisher\":{\"@id\":\"https:\/\/www.europeanrealestate.org\/blog\/#organization\"},\"image\":{\"@id\":\"https:\/\/www.europeanrealestate.org\/blog\/es\/eren-celebra-15-aniversario-lanzamiento-villae-15\/#primaryimage\"},\"thumbnailUrl\":\"https:\/\/www.europeanrealestate.org\/blog\/wp-content\/uploads\/2020\/04\/villae-15-portada.jpg\",\"keywords\":[\"Lujo\",\"Mercado inmobiliario de lujo\",\"Para amantes del golf\",\"Revista Villae International\",\"Tecnolog\u00eda\"],\"articleSection\":[\"Actualidad inmobiliaria\"],\"inLanguage\":\"es\"},{\"@type\":\"WebPage\",\"@id\":\"https:\/\/www.europeanrealestate.org\/blog\/es\/eren-celebra-15-aniversario-lanzamiento-villae-15\/\",\"url\":\"https:\/\/www.europeanrealestate.org\/blog\/es\/eren-celebra-15-aniversario-lanzamiento-villae-15\/\",\"name\":\"EREN cumple 15 a\u00f1os y lanza su revista Villae 15 | EREN\",\"isPartOf\":{\"@id\":\"https:\/\/www.europeanrealestate.org\/blog\/#website\"},\"primaryImageOfPage\":{\"@id\":\"https:\/\/www.europeanrealestate.org\/blog\/es\/eren-celebra-15-aniversario-lanzamiento-villae-15\/#primaryimage\"},\"image\":{\"@id\":\"https:\/\/www.europeanrealestate.org\/blog\/es\/eren-celebra-15-aniversario-lanzamiento-villae-15\/#primaryimage\"},\"thumbnailUrl\":\"https:\/\/www.europeanrealestate.org\/blog\/wp-content\/uploads\/2020\/04\/villae-15-portada.jpg\",\"datePublished\":\"2020-04-30T11:34:13+00:00\",\"dateModified\":\"2020-04-30T11:34:15+00:00\",\"description\":\"Descubre en Villae 15 una peque\u00f1a selecci\u00f3n de casas de lujo en venta en diferentes ciudades europeas y reportajes sobre el mundo del lujo y actualidad.\",\"breadcrumb\":{\"@id\":\"https:\/\/www.europeanrealestate.org\/blog\/es\/eren-celebra-15-aniversario-lanzamiento-villae-15\/#breadcrumb\"},\"inLanguage\":\"es\",\"potentialAction\":[{\"@type\":\"ReadAction\",\"target\":[\"https:\/\/www.europeanrealestate.org\/blog\/es\/eren-celebra-15-aniversario-lanzamiento-villae-15\/\"]}]},{\"@type\":\"ImageObject\",\"inLanguage\":\"es\",\"@id\":\"https:\/\/www.europeanrealestate.org\/blog\/es\/eren-celebra-15-aniversario-lanzamiento-villae-15\/#primaryimage\",\"url\":\"https:\/\/www.europeanrealestate.org\/blog\/wp-content\/uploads\/2020\/04\/villae-15-portada.jpg\",\"contentUrl\":\"https:\/\/www.europeanrealestate.org\/blog\/wp-content\/uploads\/2020\/04\/villae-15-portada.jpg\",\"width\":1422,\"height\":800,\"caption\":\"Villae 15 - European Real Estate Network\"},{\"@type\":\"BreadcrumbList\",\"@id\":\"https:\/\/www.europeanrealestate.org\/blog\/es\/eren-celebra-15-aniversario-lanzamiento-villae-15\/#breadcrumb\",\"itemListElement\":[{\"@type\":\"ListItem\",\"position\":1,\"name\":\"Home\",\"item\":\"https:\/\/www.europeanrealestate.org\/blog\/\"},{\"@type\":\"ListItem\",\"position\":2,\"name\":\"EREN celebra su 15\u00ba aniversario y el lanzamiento de Villae 15\"}]},{\"@type\":\"WebSite\",\"@id\":\"https:\/\/www.europeanrealestate.org\/blog\/#website\",\"url\":\"https:\/\/www.europeanrealestate.org\/blog\/\",\"name\":\"EREN\",\"description\":\"European Real Estate Network\",\"publisher\":{\"@id\":\"https:\/\/www.europeanrealestate.org\/blog\/#organization\"},\"potentialAction\":[{\"@type\":\"SearchAction\",\"target\":{\"@type\":\"EntryPoint\",\"urlTemplate\":\"https:\/\/www.europeanrealestate.org\/blog\/?s={search_term_string}\"},\"query-input\":\"required name=search_term_string\"}],\"inLanguage\":\"es\"},{\"@type\":\"Organization\",\"@id\":\"https:\/\/www.europeanrealestate.org\/blog\/#organization\",\"name\":\"EREN\",\"url\":\"https:\/\/www.europeanrealestate.org\/blog\/\",\"logo\":{\"@type\":\"ImageObject\",\"inLanguage\":\"es\",\"@id\":\"https:\/\/www.europeanrealestate.org\/blog\/#\/schema\/logo\/image\/\",\"url\":\"https:\/\/www.europeanrealestate.org\/blog\/wp-content\/uploads\/2019\/05\/EREN_LOGO.svg\",\"contentUrl\":\"https:\/\/www.europeanrealestate.org\/blog\/wp-content\/uploads\/2019\/05\/EREN_LOGO.svg\",\"width\":184,\"height\":14,\"caption\":\"EREN\"},\"image\":{\"@id\":\"https:\/\/www.europeanrealestate.org\/blog\/#\/schema\/logo\/image\/\"}},{\"@type\":\"Person\",\"@id\":\"https:\/\/www.europeanrealestate.org\/blog\/#\/schema\/person\/6a5818c38bd30c858e2236707d38658d\",\"name\":\"EREN\",\"image\":{\"@type\":\"ImageObject\",\"inLanguage\":\"es\",\"@id\":\"https:\/\/www.europeanrealestate.org\/blog\/#\/schema\/person\/image\/\",\"url\":\"https:\/\/secure.gravatar.com\/avatar\/13d3e33b6bb55067dd20ab7a5d23c488?s=96&d=mm&r=g\",\"contentUrl\":\"https:\/\/secure.gravatar.com\/avatar\/13d3e33b6bb55067dd20ab7a5d23c488?s=96&d=mm&r=g\",\"caption\":\"EREN\"},\"url\":\"https:\/\/www.europeanrealestate.org\/blog\/author\/eren\/\"}]}<\/script>\n<!-- \/ Yoast SEO plugin. -->","yoast_head_json":{"title":"EREN cumple 15 a\u00f1os y lanza su revista Villae 15 | EREN","description":"Descubre en Villae 15 una peque\u00f1a selecci\u00f3n de casas de lujo en venta en diferentes ciudades europeas y reportajes sobre el mundo del lujo y actualidad.","robots":{"index":"index","follow":"follow","max-snippet":"max-snippet:-1","max-image-preview":"max-image-preview:large","max-video-preview":"max-video-preview:-1"},"canonical":"https:\/\/www.europeanrealestate.org\/blog\/es\/eren-celebra-15-aniversario-lanzamiento-villae-15\/","og_locale":"es_ES","og_type":"article","og_title":"EREN cumple 15 a\u00f1os y lanza su revista Villae 15 | EREN","og_description":"Descubre en Villae 15 una peque\u00f1a selecci\u00f3n de casas de lujo en venta en diferentes ciudades europeas y reportajes sobre el mundo del lujo y actualidad.","og_url":"https:\/\/www.europeanrealestate.org\/blog\/es\/eren-celebra-15-aniversario-lanzamiento-villae-15\/","og_site_name":"EREN","article_published_time":"2020-04-30T11:34:13+00:00","article_modified_time":"2020-04-30T11:34:15+00:00","og_image":[{"width":1422,"height":800,"url":"https:\/\/www.europeanrealestate.org\/blog\/wp-content\/uploads\/2020\/04\/villae-15-portada.jpg","type":"image\/jpeg"}],"author":"EREN","twitter_card":"summary_large_image","twitter_misc":{"Escrito por":"EREN","Tiempo de lectura":"2 minutos"},"schema":{"@context":"https:\/\/schema.org","@graph":[{"@type":"Article","@id":"https:\/\/www.europeanrealestate.org\/blog\/es\/eren-celebra-15-aniversario-lanzamiento-villae-15\/#article","isPartOf":{"@id":"https:\/\/www.europeanrealestate.org\/blog\/es\/eren-celebra-15-aniversario-lanzamiento-villae-15\/"},"author":{"name":"EREN","@id":"https:\/\/www.europeanrealestate.org\/blog\/#\/schema\/person\/6a5818c38bd30c858e2236707d38658d"},"headline":"EREN celebra su 15\u00ba aniversario y el lanzamiento de Villae 15","datePublished":"2020-04-30T11:34:13+00:00","dateModified":"2020-04-30T11:34:15+00:00","mainEntityOfPage":{"@id":"https:\/\/www.europeanrealestate.org\/blog\/es\/eren-celebra-15-aniversario-lanzamiento-villae-15\/"},"wordCount":443,"publisher":{"@id":"https:\/\/www.europeanrealestate.org\/blog\/#organization"},"image":{"@id":"https:\/\/www.europeanrealestate.org\/blog\/es\/eren-celebra-15-aniversario-lanzamiento-villae-15\/#primaryimage"},"thumbnailUrl":"https:\/\/www.europeanrealestate.org\/blog\/wp-content\/uploads\/2020\/04\/villae-15-portada.jpg","keywords":["Lujo","Mercado inmobiliario de lujo","Para amantes del golf","Revista Villae International","Tecnolog\u00eda"],"articleSection":["Actualidad inmobiliaria"],"inLanguage":"es"},{"@type":"WebPage","@id":"https:\/\/www.europeanrealestate.org\/blog\/es\/eren-celebra-15-aniversario-lanzamiento-villae-15\/","url":"https:\/\/www.europeanrealestate.org\/blog\/es\/eren-celebra-15-aniversario-lanzamiento-villae-15\/","name":"EREN cumple 15 a\u00f1os y lanza su revista Villae 15 | EREN","isPartOf":{"@id":"https:\/\/www.europeanrealestate.org\/blog\/#website"},"primaryImageOfPage":{"@id":"https:\/\/www.europeanrealestate.org\/blog\/es\/eren-celebra-15-aniversario-lanzamiento-villae-15\/#primaryimage"},"image":{"@id":"https:\/\/www.europeanrealestate.org\/blog\/es\/eren-celebra-15-aniversario-lanzamiento-villae-15\/#primaryimage"},"thumbnailUrl":"https:\/\/www.europeanrealestate.org\/blog\/wp-content\/uploads\/2020\/04\/villae-15-portada.jpg","datePublished":"2020-04-30T11:34:13+00:00","dateModified":"2020-04-30T11:34:15+00:00","description":"Descubre en Villae 15 una peque\u00f1a selecci\u00f3n de casas de lujo en venta en diferentes ciudades europeas y reportajes sobre el mundo del lujo y actualidad.","breadcrumb":{"@id":"https:\/\/www.europeanrealestate.org\/blog\/es\/eren-celebra-15-aniversario-lanzamiento-villae-15\/#breadcrumb"},"inLanguage":"es","potentialAction":[{"@type":"ReadAction","target":["https:\/\/www.europeanrealestate.org\/blog\/es\/eren-celebra-15-aniversario-lanzamiento-villae-15\/"]}]},{"@type":"ImageObject","inLanguage":"es","@id":"https:\/\/www.europeanrealestate.org\/blog\/es\/eren-celebra-15-aniversario-lanzamiento-villae-15\/#primaryimage","url":"https:\/\/www.europeanrealestate.org\/blog\/wp-content\/uploads\/2020\/04\/villae-15-portada.jpg","contentUrl":"https:\/\/www.europeanrealestate.org\/blog\/wp-content\/uploads\/2020\/04\/villae-15-portada.jpg","width":1422,"height":800,"caption":"Villae 15 - European Real Estate Network"},{"@type":"BreadcrumbList","@id":"https:\/\/www.europeanrealestate.org\/blog\/es\/eren-celebra-15-aniversario-lanzamiento-villae-15\/#breadcrumb","itemListElement":[{"@type":"ListItem","position":1,"name":"Home","item":"https:\/\/www.europeanrealestate.org\/blog\/"},{"@type":"ListItem","position":2,"name":"EREN celebra su 15\u00ba aniversario y el lanzamiento de Villae 15"}]},{"@type":"WebSite","@id":"https:\/\/www.europeanrealestate.org\/blog\/#website","url":"https:\/\/www.europeanrealestate.org\/blog\/","name":"EREN","description":"European Real Estate Network","publisher":{"@id":"https:\/\/www.europeanrealestate.org\/blog\/#organization"},"potentialAction":[{"@type":"SearchAction","target":{"@type":"EntryPoint","urlTemplate":"https:\/\/www.europeanrealestate.org\/blog\/?s={search_term_string}"},"query-input":"required name=search_term_string"}],"inLanguage":"es"},{"@type":"Organization","@id":"https:\/\/www.europeanrealestate.org\/blog\/#organization","name":"EREN","url":"https:\/\/www.europeanrealestate.org\/blog\/","logo":{"@type":"ImageObject","inLanguage":"es","@id":"https:\/\/www.europeanrealestate.org\/blog\/#\/schema\/logo\/image\/","url":"https:\/\/www.europeanrealestate.org\/blog\/wp-content\/uploads\/2019\/05\/EREN_LOGO.svg","contentUrl":"https:\/\/www.europeanrealestate.org\/blog\/wp-content\/uploads\/2019\/05\/EREN_LOGO.svg","width":184,"height":14,"caption":"EREN"},"image":{"@id":"https:\/\/www.europeanrealestate.org\/blog\/#\/schema\/logo\/image\/"}},{"@type":"Person","@id":"https:\/\/www.europeanrealestate.org\/blog\/#\/schema\/person\/6a5818c38bd30c858e2236707d38658d","name":"EREN","image":{"@type":"ImageObject","inLanguage":"es","@id":"https:\/\/www.europeanrealestate.org\/blog\/#\/schema\/person\/image\/","url":"https:\/\/secure.gravatar.com\/avatar\/13d3e33b6bb55067dd20ab7a5d23c488?s=96&d=mm&r=g","contentUrl":"https:\/\/secure.gravatar.com\/avatar\/13d3e33b6bb55067dd20ab7a5d23c488?s=96&d=mm&r=g","caption":"EREN"},"url":"https:\/\/www.europeanrealestate.org\/blog\/author\/eren\/"}]}},"_links":{"self":[{"href":"https:\/\/www.europeanrealestate.org\/blog\/wp-json\/wp\/v2\/posts\/10617"}],"collection":[{"href":"https:\/\/www.europeanrealestate.org\/blog\/wp-json\/wp\/v2\/posts"}],"about":[{"href":"https:\/\/www.europeanrealestate.org\/blog\/wp-json\/wp\/v2\/types\/post"}],"author":[{"embeddable":true,"href":"https:\/\/www.europeanrealestate.org\/blog\/wp-json\/wp\/v2\/users\/1"}],"replies":[{"embeddable":true,"href":"https:\/\/www.europeanrealestate.org\/blog\/wp-json\/wp\/v2\/comments?post=10617"}],"version-history":[{"count":6,"href":"https:\/\/www.europeanrealestate.org\/blog\/wp-json\/wp\/v2\/posts\/10617\/revisions"}],"predecessor-version":[{"id":10636,"href":"https:\/\/www.europeanrealestate.org\/blog\/wp-json\/wp\/v2\/posts\/10617\/revisions\/10636"}],"wp:featuredmedia":[{"embeddable":true,"href":"https:\/\/www.europeanrealestate.org\/blog\/wp-json\/wp\/v2\/media\/10631"}],"wp:attachment":[{"href":"https:\/\/www.europeanrealestate.org\/blog\/wp-json\/wp\/v2\/media?parent=10617"}],"wp:term":[{"taxonomy":"category","embeddable":true,"href":"https:\/\/www.europeanrealestate.org\/blog\/wp-json\/wp\/v2\/categories?post=10617"},{"taxonomy":"post_tag","embeddable":true,"href":"https:\/\/www.europeanrealestate.org\/blog\/wp-json\/wp\/v2\/tags?post=10617"}],"curies":[{"name":"wp","href":"https:\/\/api.w.org\/{rel}","templated":true}]}}