{"id":10815,"date":"2020-09-14T13:54:34","date_gmt":"2020-09-14T11:54:34","guid":{"rendered":"https:\/\/www.europeanrealestate.org\/blog\/?p=10815"},"modified":"2020-09-14T14:00:35","modified_gmt":"2020-09-14T12:00:35","slug":"propiedad-de-la-semana-villa-de-estilo-ibicenco-en-la-costa-blanca","status":"publish","type":"post","link":"https:\/\/www.europeanrealestate.org\/blog\/es\/propiedad-de-la-semana-villa-de-estilo-ibicenco-en-la-costa-blanca\/","title":{"rendered":"Propiedad de la semana: villa de estilo ibicenco en la Costa Blanca"},"content":{"rendered":"<p>Costa Blanca es uno de los enclaves m\u00e1s codiciados del mediterr\u00e1neo. Ofrece un estilo de vida relajado lleno de <strong>preciosas playas de arena y calas de grava<\/strong>, as\u00ed como encantadores parques naturales entre los que destacan el Montg\u00f3 y el Pe\u00f1\u00f3n de Ifach. Estas son algunas de las razones que hacen que la <strong>Costa Blanca sea un lugar \u00fanico para vivir<\/strong>.<\/p>\n<p>Esta propiedad de estilo ibicenco, que pertenece al portfolio de nuestro miembro <a href=\"https:\/\/www.europeanrealestate.org\/es\/agencias-inmobiliarias\/rimontgo\" target=\"_blank\" rel=\"noopener noreferrer\">Rimontg\u00f3,<\/a>\u00a0se encuentra enclavada en un entorno rural rodeada por un verde paisaje muy pr\u00f3ximo al club de golf y al Montg\u00f3. La zona residencial donde se ubica es La Alborada.<\/p>\n<h2>Blanco y verde: los colores predominantes<\/h2>\n<p>La <a href=\"https:\/\/www.europeanrealestate.org\/es\/referral\/RMG5550?t=1600083751\" target=\"_blank\" rel=\"noopener noreferrer\">villa <\/a>presenta elementos singulares que la hacen diferente al resto: dise\u00f1o ibicenco combinado con un entorno rural e instalaciones modernas. Sus 445m2 se alzan sobre una parcela de 6.200m2 compuesta por cuidados jardines y \u00e1rboles que ofrecen tranquilidad y privacidad.<\/p>\n<div id='gallery-1' class='gallery galleryid-10815 gallery-columns-2 gallery-size-full'><figure class='gallery-item'>\n\t\t\t<div class='gallery-icon landscape'>\n\t\t\t\t<img loading=\"lazy\" decoding=\"async\" width=\"2000\" height=\"1125\" src=\"https:\/\/www.europeanrealestate.org\/blog\/wp-content\/uploads\/2020\/09\/A9B4187-HDR-e1599738467357.jpg\" class=\"attachment-full size-full\" alt=\"Impresionante piscina de 25 metros\" srcset=\"https:\/\/www.europeanrealestate.org\/blog\/wp-content\/uploads\/2020\/09\/A9B4187-HDR-e1599738467357.jpg 2000w, https:\/\/www.europeanrealestate.org\/blog\/wp-content\/uploads\/2020\/09\/A9B4187-HDR-e1599738467357-300x169.jpg 300w, https:\/\/www.europeanrealestate.org\/blog\/wp-content\/uploads\/2020\/09\/A9B4187-HDR-e1599738467357-768x432.jpg 768w, https:\/\/www.europeanrealestate.org\/blog\/wp-content\/uploads\/2020\/09\/A9B4187-HDR-e1599738467357-1024x576.jpg 1024w\" sizes=\"(max-width: 2000px) 100vw, 2000px\" \/>\n\t\t\t<\/div><\/figure><figure class='gallery-item'>\n\t\t\t<div class='gallery-icon landscape'>\n\t\t\t\t<img loading=\"lazy\" decoding=\"async\" width=\"2000\" height=\"1125\" src=\"https:\/\/www.europeanrealestate.org\/blog\/wp-content\/uploads\/2020\/09\/A9B4165-e1599738450377.jpg\" class=\"attachment-full size-full\" alt=\"Terraza con zona chill out\" srcset=\"https:\/\/www.europeanrealestate.org\/blog\/wp-content\/uploads\/2020\/09\/A9B4165-e1599738450377.jpg 2000w, https:\/\/www.europeanrealestate.org\/blog\/wp-content\/uploads\/2020\/09\/A9B4165-e1599738450377-300x169.jpg 300w, https:\/\/www.europeanrealestate.org\/blog\/wp-content\/uploads\/2020\/09\/A9B4165-e1599738450377-768x432.jpg 768w, https:\/\/www.europeanrealestate.org\/blog\/wp-content\/uploads\/2020\/09\/A9B4165-e1599738450377-1024x576.jpg 1024w\" sizes=\"(max-width: 2000px) 100vw, 2000px\" \/>\n\t\t\t<\/div><\/figure>\n\t\t<\/div>\n\n<p>La residencia principal est\u00e1 distribuida en dos plantas y consta de un espacioso sal\u00f3n equipado con chimenea y ventanas panor\u00e1micas que facilitan la entrada de luz natural, as\u00ed como una biblioteca\/despacho, comedor, moderna cocina y aseo de invitados. Los dormitorios con cuartos de ba\u00f1o en-suite est\u00e1n ubicados en la primera planta.<\/p>\n<div id='gallery-2' class='gallery galleryid-10815 gallery-columns-2 gallery-size-full'><figure class='gallery-item'>\n\t\t\t<div class='gallery-icon landscape'>\n\t\t\t\t<img loading=\"lazy\" decoding=\"async\" width=\"2000\" height=\"1125\" src=\"https:\/\/www.europeanrealestate.org\/blog\/wp-content\/uploads\/2020\/09\/B1B0744-HDR-e1599738485960.jpg\" class=\"attachment-full size-full\" alt=\"Espacioso sal\u00f3n con modernas instalaciones\" srcset=\"https:\/\/www.europeanrealestate.org\/blog\/wp-content\/uploads\/2020\/09\/B1B0744-HDR-e1599738485960.jpg 2000w, https:\/\/www.europeanrealestate.org\/blog\/wp-content\/uploads\/2020\/09\/B1B0744-HDR-e1599738485960-300x169.jpg 300w, https:\/\/www.europeanrealestate.org\/blog\/wp-content\/uploads\/2020\/09\/B1B0744-HDR-e1599738485960-768x432.jpg 768w, https:\/\/www.europeanrealestate.org\/blog\/wp-content\/uploads\/2020\/09\/B1B0744-HDR-e1599738485960-1024x576.jpg 1024w\" sizes=\"(max-width: 2000px) 100vw, 2000px\" \/>\n\t\t\t<\/div><\/figure><figure class='gallery-item'>\n\t\t\t<div class='gallery-icon landscape'>\n\t\t\t\t<img loading=\"lazy\" decoding=\"async\" width=\"2000\" height=\"1125\" src=\"https:\/\/www.europeanrealestate.org\/blog\/wp-content\/uploads\/2020\/09\/B1B0850-HDR-e1599739062115.jpg\" class=\"attachment-full size-full\" alt=\"Villa de estilo contempor\u00e1neo con zona de comedor\" srcset=\"https:\/\/www.europeanrealestate.org\/blog\/wp-content\/uploads\/2020\/09\/B1B0850-HDR-e1599739062115.jpg 2000w, https:\/\/www.europeanrealestate.org\/blog\/wp-content\/uploads\/2020\/09\/B1B0850-HDR-e1599739062115-300x169.jpg 300w, https:\/\/www.europeanrealestate.org\/blog\/wp-content\/uploads\/2020\/09\/B1B0850-HDR-e1599739062115-768x432.jpg 768w, https:\/\/www.europeanrealestate.org\/blog\/wp-content\/uploads\/2020\/09\/B1B0850-HDR-e1599739062115-1024x576.jpg 1024w\" sizes=\"(max-width: 2000px) 100vw, 2000px\" \/>\n\t\t\t<\/div><\/figure>\n\t\t<\/div>\n\n<p>Dispone de varias terrazas por toda la propiedad y <strong>destaca la impresionante piscina de 25 metros<\/strong>.<\/p>\n<p>Cabe mencionar que incluye <strong>alojamiento separado para invitados<\/strong> compuesto por dos dormitorios en-suite.<\/p>\n<p>Extras de la propiedad: gimnasio, lavander\u00eda, un espacioso garaje con capacidad para varios veh\u00edculos y aparcamiento exterior.<\/p>\n<p>Equipado con calefacci\u00f3n de gas central, suelo radiante y radiadores, adem\u00e1s de estar completamente vallada la parcela y con puertas de entrada autom\u00e1ticas.<\/p>\n<p>Si le gustar\u00eda vivir en <strong>un entorno tranquilo y muy privado<\/strong>, pero a su vez, muy pr\u00f3ximo a la playa, al <strong>club de golf<\/strong> y a todo tipo de facilidades en la localidad de J\u00e1vea, esta es su casa.<\/p>\n<p>Visite nuestra p\u00e1gina web para descubrir m\u00e1s sobre esta propiedad de estilo ibicenco u otras <a href=\"https:\/\/www.europeanrealestate.org\/es\/results?c=6&amp;cat=1&amp;o=price_desc&amp;page=3&amp;t=1&amp;z=14\" target=\"_blank\" rel=\"noopener noreferrer\">propiedades en venta en J\u00e1vea \u2013 Costa Blanca<\/a>. En Rimontg\u00f3 estar\u00e1n encantados de atenderles en la b\u00fasqueda de su nueva propiedad en esta zona del Mediterr\u00e1neo.<\/p>\n","protected":false},"excerpt":{"rendered":"<p>Rimontg\u00f3 propone la venta de esta villa ubicada en un exclusivo enclave en J\u00e1vea, Costa Blanca. Estilo ibicenco con modernas instalaciones en un entorno rural rodeado por un verde paisaje. <\/p>\n","protected":false},"author":1,"featured_media":10822,"comment_status":"closed","ping_status":"closed","sticky":false,"template":"","format":"standard","meta":{"footnotes":""},"categories":[1091],"tags":[6072,5386,5356,5366],"yoast_head":"<!-- This site is optimized with the Yoast SEO plugin v23.0 - https:\/\/yoast.com\/wordpress\/plugins\/seo\/ -->\n<title>Propiedad de la semana: villa de estilo ibicenco en la Costa Blanca | EREN<\/title>\n<meta name=\"description\" content=\"Si est\u00e1 interesado en adquirir una villa con un singular estilo ibicenco en un entorno \u00fanico cerca de servicios, esta es la propiedad que est\u00e1 buscando.\" \/>\n<meta name=\"robots\" content=\"index, follow, max-snippet:-1, max-image-preview:large, max-video-preview:-1\" \/>\n<link rel=\"canonical\" href=\"https:\/\/www.europeanrealestate.org\/blog\/es\/propiedad-de-la-semana-villa-de-estilo-ibicenco-en-la-costa-blanca\/\" \/>\n<meta property=\"og:locale\" content=\"es_ES\" \/>\n<meta property=\"og:type\" content=\"article\" \/>\n<meta property=\"og:title\" content=\"Propiedad de la semana: villa de estilo ibicenco en la Costa Blanca | EREN\" \/>\n<meta property=\"og:description\" content=\"Si est\u00e1 interesado en adquirir una villa con un singular estilo ibicenco en un entorno \u00fanico cerca de servicios, esta es la propiedad que est\u00e1 buscando.\" \/>\n<meta property=\"og:url\" content=\"https:\/\/www.europeanrealestate.org\/blog\/es\/propiedad-de-la-semana-villa-de-estilo-ibicenco-en-la-costa-blanca\/\" \/>\n<meta property=\"og:site_name\" content=\"EREN\" \/>\n<meta property=\"article:published_time\" content=\"2020-09-14T11:54:34+00:00\" \/>\n<meta property=\"article:modified_time\" content=\"2020-09-14T12:00:35+00:00\" \/>\n<meta property=\"og:image\" content=\"https:\/\/www.europeanrealestate.org\/blog\/wp-content\/uploads\/2020\/09\/DJI_0024-1024x575.jpg\" \/>\n\t<meta property=\"og:image:width\" content=\"1024\" \/>\n\t<meta property=\"og:image:height\" content=\"575\" \/>\n\t<meta property=\"og:image:type\" content=\"image\/jpeg\" \/>\n<meta name=\"author\" content=\"EREN\" \/>\n<meta name=\"twitter:card\" content=\"summary_large_image\" \/>\n<meta name=\"twitter:label1\" content=\"Escrito por\" \/>\n\t<meta name=\"twitter:data1\" content=\"EREN\" \/>\n\t<meta name=\"twitter:label2\" content=\"Tiempo de lectura\" \/>\n\t<meta name=\"twitter:data2\" content=\"2 minutos\" \/>\n<script type=\"application\/ld+json\" class=\"yoast-schema-graph\">{\"@context\":\"https:\/\/schema.org\",\"@graph\":[{\"@type\":\"Article\",\"@id\":\"https:\/\/www.europeanrealestate.org\/blog\/es\/propiedad-de-la-semana-villa-de-estilo-ibicenco-en-la-costa-blanca\/#article\",\"isPartOf\":{\"@id\":\"https:\/\/www.europeanrealestate.org\/blog\/es\/propiedad-de-la-semana-villa-de-estilo-ibicenco-en-la-costa-blanca\/\"},\"author\":{\"name\":\"EREN\",\"@id\":\"https:\/\/www.europeanrealestate.org\/blog\/#\/schema\/person\/6a5818c38bd30c858e2236707d38658d\"},\"headline\":\"Propiedad de la semana: villa de estilo ibicenco en la Costa Blanca\",\"datePublished\":\"2020-09-14T11:54:34+00:00\",\"dateModified\":\"2020-09-14T12:00:35+00:00\",\"mainEntityOfPage\":{\"@id\":\"https:\/\/www.europeanrealestate.org\/blog\/es\/propiedad-de-la-semana-villa-de-estilo-ibicenco-en-la-costa-blanca\/\"},\"wordCount\":399,\"publisher\":{\"@id\":\"https:\/\/www.europeanrealestate.org\/blog\/#organization\"},\"image\":{\"@id\":\"https:\/\/www.europeanrealestate.org\/blog\/es\/propiedad-de-la-semana-villa-de-estilo-ibicenco-en-la-costa-blanca\/#primaryimage\"},\"thumbnailUrl\":\"https:\/\/www.europeanrealestate.org\/blog\/wp-content\/uploads\/2020\/09\/DJI_0024.jpg\",\"keywords\":[\"Cerca de la naturaleza\",\"Costa Blanca\",\"Rimontg\u00f3\",\"Villas en J\u00e1vea\"],\"articleSection\":[\"Propiedades destacadas\"],\"inLanguage\":\"es\"},{\"@type\":\"WebPage\",\"@id\":\"https:\/\/www.europeanrealestate.org\/blog\/es\/propiedad-de-la-semana-villa-de-estilo-ibicenco-en-la-costa-blanca\/\",\"url\":\"https:\/\/www.europeanrealestate.org\/blog\/es\/propiedad-de-la-semana-villa-de-estilo-ibicenco-en-la-costa-blanca\/\",\"name\":\"Propiedad de la semana: villa de estilo ibicenco en la Costa Blanca | EREN\",\"isPartOf\":{\"@id\":\"https:\/\/www.europeanrealestate.org\/blog\/#website\"},\"primaryImageOfPage\":{\"@id\":\"https:\/\/www.europeanrealestate.org\/blog\/es\/propiedad-de-la-semana-villa-de-estilo-ibicenco-en-la-costa-blanca\/#primaryimage\"},\"image\":{\"@id\":\"https:\/\/www.europeanrealestate.org\/blog\/es\/propiedad-de-la-semana-villa-de-estilo-ibicenco-en-la-costa-blanca\/#primaryimage\"},\"thumbnailUrl\":\"https:\/\/www.europeanrealestate.org\/blog\/wp-content\/uploads\/2020\/09\/DJI_0024.jpg\",\"datePublished\":\"2020-09-14T11:54:34+00:00\",\"dateModified\":\"2020-09-14T12:00:35+00:00\",\"description\":\"Si est\u00e1 interesado en adquirir una villa con un singular estilo ibicenco en un entorno \u00fanico cerca de servicios, esta es la propiedad que est\u00e1 buscando.\",\"breadcrumb\":{\"@id\":\"https:\/\/www.europeanrealestate.org\/blog\/es\/propiedad-de-la-semana-villa-de-estilo-ibicenco-en-la-costa-blanca\/#breadcrumb\"},\"inLanguage\":\"es\",\"potentialAction\":[{\"@type\":\"ReadAction\",\"target\":[\"https:\/\/www.europeanrealestate.org\/blog\/es\/propiedad-de-la-semana-villa-de-estilo-ibicenco-en-la-costa-blanca\/\"]}]},{\"@type\":\"ImageObject\",\"inLanguage\":\"es\",\"@id\":\"https:\/\/www.europeanrealestate.org\/blog\/es\/propiedad-de-la-semana-villa-de-estilo-ibicenco-en-la-costa-blanca\/#primaryimage\",\"url\":\"https:\/\/www.europeanrealestate.org\/blog\/wp-content\/uploads\/2020\/09\/DJI_0024.jpg\",\"contentUrl\":\"https:\/\/www.europeanrealestate.org\/blog\/wp-content\/uploads\/2020\/09\/DJI_0024.jpg\",\"width\":2000,\"height\":1124,\"caption\":\"Villa de estilo ibicenco ubicada en un entorno paisaj\u00edstico\"},{\"@type\":\"BreadcrumbList\",\"@id\":\"https:\/\/www.europeanrealestate.org\/blog\/es\/propiedad-de-la-semana-villa-de-estilo-ibicenco-en-la-costa-blanca\/#breadcrumb\",\"itemListElement\":[{\"@type\":\"ListItem\",\"position\":1,\"name\":\"Home\",\"item\":\"https:\/\/www.europeanrealestate.org\/blog\/\"},{\"@type\":\"ListItem\",\"position\":2,\"name\":\"Propiedad de la semana: villa de estilo ibicenco en la Costa Blanca\"}]},{\"@type\":\"WebSite\",\"@id\":\"https:\/\/www.europeanrealestate.org\/blog\/#website\",\"url\":\"https:\/\/www.europeanrealestate.org\/blog\/\",\"name\":\"EREN\",\"description\":\"European Real Estate Network\",\"publisher\":{\"@id\":\"https:\/\/www.europeanrealestate.org\/blog\/#organization\"},\"potentialAction\":[{\"@type\":\"SearchAction\",\"target\":{\"@type\":\"EntryPoint\",\"urlTemplate\":\"https:\/\/www.europeanrealestate.org\/blog\/?s={search_term_string}\"},\"query-input\":\"required name=search_term_string\"}],\"inLanguage\":\"es\"},{\"@type\":\"Organization\",\"@id\":\"https:\/\/www.europeanrealestate.org\/blog\/#organization\",\"name\":\"EREN\",\"url\":\"https:\/\/www.europeanrealestate.org\/blog\/\",\"logo\":{\"@type\":\"ImageObject\",\"inLanguage\":\"es\",\"@id\":\"https:\/\/www.europeanrealestate.org\/blog\/#\/schema\/logo\/image\/\",\"url\":\"https:\/\/www.europeanrealestate.org\/blog\/wp-content\/uploads\/2019\/05\/EREN_LOGO.svg\",\"contentUrl\":\"https:\/\/www.europeanrealestate.org\/blog\/wp-content\/uploads\/2019\/05\/EREN_LOGO.svg\",\"width\":184,\"height\":14,\"caption\":\"EREN\"},\"image\":{\"@id\":\"https:\/\/www.europeanrealestate.org\/blog\/#\/schema\/logo\/image\/\"}},{\"@type\":\"Person\",\"@id\":\"https:\/\/www.europeanrealestate.org\/blog\/#\/schema\/person\/6a5818c38bd30c858e2236707d38658d\",\"name\":\"EREN\",\"image\":{\"@type\":\"ImageObject\",\"inLanguage\":\"es\",\"@id\":\"https:\/\/www.europeanrealestate.org\/blog\/#\/schema\/person\/image\/\",\"url\":\"https:\/\/secure.gravatar.com\/avatar\/13d3e33b6bb55067dd20ab7a5d23c488?s=96&d=mm&r=g\",\"contentUrl\":\"https:\/\/secure.gravatar.com\/avatar\/13d3e33b6bb55067dd20ab7a5d23c488?s=96&d=mm&r=g\",\"caption\":\"EREN\"},\"url\":\"https:\/\/www.europeanrealestate.org\/blog\/author\/eren\/\"}]}<\/script>\n<!-- \/ Yoast SEO plugin. -->","yoast_head_json":{"title":"Propiedad de la semana: villa de estilo ibicenco en la Costa Blanca | EREN","description":"Si est\u00e1 interesado en adquirir una villa con un singular estilo ibicenco en un entorno \u00fanico cerca de servicios, esta es la propiedad que est\u00e1 buscando.","robots":{"index":"index","follow":"follow","max-snippet":"max-snippet:-1","max-image-preview":"max-image-preview:large","max-video-preview":"max-video-preview:-1"},"canonical":"https:\/\/www.europeanrealestate.org\/blog\/es\/propiedad-de-la-semana-villa-de-estilo-ibicenco-en-la-costa-blanca\/","og_locale":"es_ES","og_type":"article","og_title":"Propiedad de la semana: villa de estilo ibicenco en la Costa Blanca | EREN","og_description":"Si est\u00e1 interesado en adquirir una villa con un singular estilo ibicenco en un entorno \u00fanico cerca de servicios, esta es la propiedad que est\u00e1 buscando.","og_url":"https:\/\/www.europeanrealestate.org\/blog\/es\/propiedad-de-la-semana-villa-de-estilo-ibicenco-en-la-costa-blanca\/","og_site_name":"EREN","article_published_time":"2020-09-14T11:54:34+00:00","article_modified_time":"2020-09-14T12:00:35+00:00","og_image":[{"width":1024,"height":575,"url":"https:\/\/www.europeanrealestate.org\/blog\/wp-content\/uploads\/2020\/09\/DJI_0024-1024x575.jpg","type":"image\/jpeg"}],"author":"EREN","twitter_card":"summary_large_image","twitter_misc":{"Escrito por":"EREN","Tiempo de lectura":"2 minutos"},"schema":{"@context":"https:\/\/schema.org","@graph":[{"@type":"Article","@id":"https:\/\/www.europeanrealestate.org\/blog\/es\/propiedad-de-la-semana-villa-de-estilo-ibicenco-en-la-costa-blanca\/#article","isPartOf":{"@id":"https:\/\/www.europeanrealestate.org\/blog\/es\/propiedad-de-la-semana-villa-de-estilo-ibicenco-en-la-costa-blanca\/"},"author":{"name":"EREN","@id":"https:\/\/www.europeanrealestate.org\/blog\/#\/schema\/person\/6a5818c38bd30c858e2236707d38658d"},"headline":"Propiedad de la semana: villa de estilo ibicenco en la Costa Blanca","datePublished":"2020-09-14T11:54:34+00:00","dateModified":"2020-09-14T12:00:35+00:00","mainEntityOfPage":{"@id":"https:\/\/www.europeanrealestate.org\/blog\/es\/propiedad-de-la-semana-villa-de-estilo-ibicenco-en-la-costa-blanca\/"},"wordCount":399,"publisher":{"@id":"https:\/\/www.europeanrealestate.org\/blog\/#organization"},"image":{"@id":"https:\/\/www.europeanrealestate.org\/blog\/es\/propiedad-de-la-semana-villa-de-estilo-ibicenco-en-la-costa-blanca\/#primaryimage"},"thumbnailUrl":"https:\/\/www.europeanrealestate.org\/blog\/wp-content\/uploads\/2020\/09\/DJI_0024.jpg","keywords":["Cerca de la naturaleza","Costa Blanca","Rimontg\u00f3","Villas en J\u00e1vea"],"articleSection":["Propiedades destacadas"],"inLanguage":"es"},{"@type":"WebPage","@id":"https:\/\/www.europeanrealestate.org\/blog\/es\/propiedad-de-la-semana-villa-de-estilo-ibicenco-en-la-costa-blanca\/","url":"https:\/\/www.europeanrealestate.org\/blog\/es\/propiedad-de-la-semana-villa-de-estilo-ibicenco-en-la-costa-blanca\/","name":"Propiedad de la semana: villa de estilo ibicenco en la Costa Blanca | EREN","isPartOf":{"@id":"https:\/\/www.europeanrealestate.org\/blog\/#website"},"primaryImageOfPage":{"@id":"https:\/\/www.europeanrealestate.org\/blog\/es\/propiedad-de-la-semana-villa-de-estilo-ibicenco-en-la-costa-blanca\/#primaryimage"},"image":{"@id":"https:\/\/www.europeanrealestate.org\/blog\/es\/propiedad-de-la-semana-villa-de-estilo-ibicenco-en-la-costa-blanca\/#primaryimage"},"thumbnailUrl":"https:\/\/www.europeanrealestate.org\/blog\/wp-content\/uploads\/2020\/09\/DJI_0024.jpg","datePublished":"2020-09-14T11:54:34+00:00","dateModified":"2020-09-14T12:00:35+00:00","description":"Si est\u00e1 interesado en adquirir una villa con un singular estilo ibicenco en un entorno \u00fanico cerca de servicios, esta es la propiedad que est\u00e1 buscando.","breadcrumb":{"@id":"https:\/\/www.europeanrealestate.org\/blog\/es\/propiedad-de-la-semana-villa-de-estilo-ibicenco-en-la-costa-blanca\/#breadcrumb"},"inLanguage":"es","potentialAction":[{"@type":"ReadAction","target":["https:\/\/www.europeanrealestate.org\/blog\/es\/propiedad-de-la-semana-villa-de-estilo-ibicenco-en-la-costa-blanca\/"]}]},{"@type":"ImageObject","inLanguage":"es","@id":"https:\/\/www.europeanrealestate.org\/blog\/es\/propiedad-de-la-semana-villa-de-estilo-ibicenco-en-la-costa-blanca\/#primaryimage","url":"https:\/\/www.europeanrealestate.org\/blog\/wp-content\/uploads\/2020\/09\/DJI_0024.jpg","contentUrl":"https:\/\/www.europeanrealestate.org\/blog\/wp-content\/uploads\/2020\/09\/DJI_0024.jpg","width":2000,"height":1124,"caption":"Villa de estilo ibicenco ubicada en un entorno paisaj\u00edstico"},{"@type":"BreadcrumbList","@id":"https:\/\/www.europeanrealestate.org\/blog\/es\/propiedad-de-la-semana-villa-de-estilo-ibicenco-en-la-costa-blanca\/#breadcrumb","itemListElement":[{"@type":"ListItem","position":1,"name":"Home","item":"https:\/\/www.europeanrealestate.org\/blog\/"},{"@type":"ListItem","position":2,"name":"Propiedad de la semana: villa de estilo ibicenco en la Costa Blanca"}]},{"@type":"WebSite","@id":"https:\/\/www.europeanrealestate.org\/blog\/#website","url":"https:\/\/www.europeanrealestate.org\/blog\/","name":"EREN","description":"European Real Estate Network","publisher":{"@id":"https:\/\/www.europeanrealestate.org\/blog\/#organization"},"potentialAction":[{"@type":"SearchAction","target":{"@type":"EntryPoint","urlTemplate":"https:\/\/www.europeanrealestate.org\/blog\/?s={search_term_string}"},"query-input":"required name=search_term_string"}],"inLanguage":"es"},{"@type":"Organization","@id":"https:\/\/www.europeanrealestate.org\/blog\/#organization","name":"EREN","url":"https:\/\/www.europeanrealestate.org\/blog\/","logo":{"@type":"ImageObject","inLanguage":"es","@id":"https:\/\/www.europeanrealestate.org\/blog\/#\/schema\/logo\/image\/","url":"https:\/\/www.europeanrealestate.org\/blog\/wp-content\/uploads\/2019\/05\/EREN_LOGO.svg","contentUrl":"https:\/\/www.europeanrealestate.org\/blog\/wp-content\/uploads\/2019\/05\/EREN_LOGO.svg","width":184,"height":14,"caption":"EREN"},"image":{"@id":"https:\/\/www.europeanrealestate.org\/blog\/#\/schema\/logo\/image\/"}},{"@type":"Person","@id":"https:\/\/www.europeanrealestate.org\/blog\/#\/schema\/person\/6a5818c38bd30c858e2236707d38658d","name":"EREN","image":{"@type":"ImageObject","inLanguage":"es","@id":"https:\/\/www.europeanrealestate.org\/blog\/#\/schema\/person\/image\/","url":"https:\/\/secure.gravatar.com\/avatar\/13d3e33b6bb55067dd20ab7a5d23c488?s=96&d=mm&r=g","contentUrl":"https:\/\/secure.gravatar.com\/avatar\/13d3e33b6bb55067dd20ab7a5d23c488?s=96&d=mm&r=g","caption":"EREN"},"url":"https:\/\/www.europeanrealestate.org\/blog\/author\/eren\/"}]}},"_links":{"self":[{"href":"https:\/\/www.europeanrealestate.org\/blog\/wp-json\/wp\/v2\/posts\/10815"}],"collection":[{"href":"https:\/\/www.europeanrealestate.org\/blog\/wp-json\/wp\/v2\/posts"}],"about":[{"href":"https:\/\/www.europeanrealestate.org\/blog\/wp-json\/wp\/v2\/types\/post"}],"author":[{"embeddable":true,"href":"https:\/\/www.europeanrealestate.org\/blog\/wp-json\/wp\/v2\/users\/1"}],"replies":[{"embeddable":true,"href":"https:\/\/www.europeanrealestate.org\/blog\/wp-json\/wp\/v2\/comments?post=10815"}],"version-history":[{"count":8,"href":"https:\/\/www.europeanrealestate.org\/blog\/wp-json\/wp\/v2\/posts\/10815\/revisions"}],"predecessor-version":[{"id":10828,"href":"https:\/\/www.europeanrealestate.org\/blog\/wp-json\/wp\/v2\/posts\/10815\/revisions\/10828"}],"wp:featuredmedia":[{"embeddable":true,"href":"https:\/\/www.europeanrealestate.org\/blog\/wp-json\/wp\/v2\/media\/10822"}],"wp:attachment":[{"href":"https:\/\/www.europeanrealestate.org\/blog\/wp-json\/wp\/v2\/media?parent=10815"}],"wp:term":[{"taxonomy":"category","embeddable":true,"href":"https:\/\/www.europeanrealestate.org\/blog\/wp-json\/wp\/v2\/categories?post=10815"},{"taxonomy":"post_tag","embeddable":true,"href":"https:\/\/www.europeanrealestate.org\/blog\/wp-json\/wp\/v2\/tags?post=10815"}],"curies":[{"name":"wp","href":"https:\/\/api.w.org\/{rel}","templated":true}]}}