{"id":11092,"date":"2022-03-30T10:00:00","date_gmt":"2022-03-30T08:00:00","guid":{"rendered":"https:\/\/www.europeanrealestate.org\/blog\/?p=11092"},"modified":"2022-06-17T14:42:18","modified_gmt":"2022-06-17T12:42:18","slug":"vendere-casa-quando-ora","status":"publish","type":"post","link":"https:\/\/www.europeanrealestate.org\/blog\/it\/vendere-casa-quando-ora\/","title":{"rendered":"Vendere casa: quando? Ora!"},"content":{"rendered":"\n<p><strong>2022 \u2013 L\u2019anno della ripresa?<\/strong><\/p>\n\n\n\n<p>Quanto accaduto negli ultimi due anni ha messo tutti noi a dura prova. Nonostante questo, da molti punti di vista il&nbsp;2022&nbsp;si presenta come l\u2019anno della svolta e della ripresa, e questo vale anche, e soprattutto, per il settore immobiliare. Scopri insieme a Immobilsarda perch\u00e9 il 2022 sar\u00e0 il&nbsp;momento giusto per vendere casa.<\/p>\n\n\n\n<p>Le circostanze storiche che ci siamo trovati ad affrontare, e che ancora stiamo affrontando, hanno portato con s\u00e9 una nuova consapevolezza, insegnandoci a dare priorit\u00e0 alle nostre&nbsp;necessit\u00e0 pi\u00f9 intime&nbsp;e facendoci riflettere su quanto sia davvero importante saper cogliere l\u2019attimo.<\/p>\n\n\n\n<p>Questo nuovo sentire ha dato il via, gi\u00e0 nella seconda met\u00e0 del 2021, a una ripresa del mercato immobiliare,&nbsp;tendenza che sembra promettere un\u2019incessante evoluzione positiva per tutto il 2022.<\/p>\n\n\n\n<p>Importante conferma di questa tendenza sono le parole&nbsp;di Luca Dondi, AD di Nomisma, autorevole societ\u00e0 di Consulenza. Il&nbsp;<a href=\"https:\/\/www.youtube.com\/watch?v=wK5ReKukwv8&amp;ab_channel=Nomisma\">14\u00b0 Rapporto sulla Finanza immobiliare<\/a>&nbsp;mostra infatti con chiarezza dati incoraggianti, che testimoniano la&nbsp;tenuta del mercato&nbsp;nazionale durante il 2021.<\/p>\n\n\n\n<p><strong>Dalla frenesia della citt\u00e0 al benessere della natura<\/strong><\/p>\n\n\n\n<figure class=\"wp-block-image size-large\"><img loading=\"lazy\" decoding=\"async\" width=\"1024\" height=\"768\" src=\"https:\/\/www.europeanrealestate.org\/blog\/wp-content\/uploads\/2022\/03\/Villa-Patre-Manna-2-1024x768.jpg\" alt=\"\" class=\"wp-image-11099\" srcset=\"https:\/\/www.europeanrealestate.org\/blog\/wp-content\/uploads\/2022\/03\/Villa-Patre-Manna-2-1024x768.jpg 1024w, https:\/\/www.europeanrealestate.org\/blog\/wp-content\/uploads\/2022\/03\/Villa-Patre-Manna-2-300x225.jpg 300w, https:\/\/www.europeanrealestate.org\/blog\/wp-content\/uploads\/2022\/03\/Villa-Patre-Manna-2-768x576.jpg 768w, https:\/\/www.europeanrealestate.org\/blog\/wp-content\/uploads\/2022\/03\/Villa-Patre-Manna-2.jpg 1280w\" sizes=\"(max-width: 1024px) 100vw, 1024px\" \/><\/figure>\n\n\n\n<p>Secondo gli esperti questo nuovo modo di guardare all\u2019abitare, alla casa e a ci\u00f2 che davvero conta nella sua scelta \u00e8 stato influenzato principalmente da due fattori fondamentali.<\/p>\n\n\n\n<p>Il primo \u00e8 sicuramente il cambio di prospettiva nei confronti delle proprie priorit\u00e0, che ha messo in evidenza la crescente necessit\u00e0 di spazi da dedicare esclusivamente al proprio benessere. Il secondo fattore \u00e8 invece legato al contesto odierno, che risulta economicamente vantaggioso per chi fosse interessato a investire nel settore immobiliare.<\/p>\n\n\n\n<p>Anche gli indecisi stanno rivalutando l\u2019idea di investire grazie a una serie di misure che hanno creato una situazione economicamente favorevole: incentivi e bonus, ai quali si \u00e8 aggiunto un abbassamento dei tassi dei mutui.<\/p>\n\n\n\n<p>L\u2019insieme di tutti questi fattori ha riavvicinato al mercato anche la fascia degli under 35 che, ormai da molto tempo, era del tutto assente nell\u2019ambiente immobiliare, aprendo prospettive economiche che permetteranno loro di partecipare attivamente alle nuove dinamiche emerse negli ultimi mesi.<\/p>\n\n\n\n<p>Non \u00e8 possibile, per\u00f2, generalizzare, infatti la richiesta immobiliare, seppur in crescita, \u00e8 distribuita in modo disomogeneo. Il 2022 si \u00e8 aperto con uno scenario molto ben definito: la tendenza ad allontanarsi dalle aree metropolitane in favore di zone meno centrali, ma molto pi\u00f9 tranquille.<\/p>\n\n\n\n<p>Nella percezione generale, le grandi citt\u00e0, ora pi\u00f9 che mai percepite come ambienti meno salubri, cedono il passo a contesti pi\u00f9 calmi e rilassati, meglio ancora se immersi nella natura. Questa sorta di fuga \u00e8 ben descritta da questo articolo di Wall Street Italia.<\/p>\n\n\n\n<p><strong>Vendere casa in Gallura \u2013 Costa Smeralda: perch\u00e9?<\/strong><\/p>\n\n\n\n<p>Negli ultimi due anni abbiamo dovuto, nostro malgrado, prendere coscienza dell\u2019imprevedibilit\u00e0 del domani e dell\u2019importanza di saper scorgere e cogliere le opportunit\u00e0 che ci si presentano.<\/p>\n\n\n\n<p>\u00c8 normale, in questo clima generale d\u2019incertezza, domandarsi se il 2022 sia finalmente l\u2019anno giusto per vendere la propria casa in Gallura \u2013 Costa Smeralda. Dal nostro punto di vista la risposta \u00e8 una sola: S\u00cc!<\/p>\n\n\n\n<p>Questa risposta cos\u00ec netta non deriva soltanto da una puntuale analisi del mercato immobiliare a livello nazionale, ma anche da un\u2019attenta osservazione delle singole realt\u00e0 regionali. In Sardegna, e in particolare in Gallura \u2013 Costa Smeralda, si assiste a una forte ripresa. Secondo i dati riportati nella sezione Financial del Costa Smeralda Journal, gi\u00e0 nel 2021 il settore delle compravendite ha registrato un aumento medio del 55%, con picchi anche del 67% per alcune zone.<\/p>\n\n\n\n<p>La neonata necessit\u00e0 di allontanarsi dal caos cittadino per \u201crifugiarsi\u201d nella quiete di luoghi immersi nella natura, la ripartenza del mercato immobiliare e il delinearsi di condizioni economiche quanto mai favorevoli, rendono questo momento uno dei migliori per chi volesse vendere il proprio immobile in Gallura \u2013 Costa Smeralda.<\/p>\n\n\n\n<p>\u00c8 un momento di vivace attivit\u00e0 per il settore, in particolare per quanto riguarda la clientela proveniente dal Nord Europa. Le richieste e le aspettative della clientela, sempre pi\u00f9 attenta e sensibile, stanno cambiando: il fulcro attorno a cui ruotano \u00e8 il benessere, fisico e psicologico. La qualit\u00e0 della vita e la sostenibilit\u00e0 sono valori sempre pi\u00f9 sentiti e rilevanti nella quotidianit\u00e0 delle persone, e proprio questi nuovi criteri di valutazione stanno facendo emergere e mettendo ancor pi\u00f9 in evidenza l\u2019unicit\u00e0 della Gallura \u2013 Costa Smeralda.<\/p>\n\n\n\n<p><strong>Immobilsarda Service: il tuo esperto di fiducia<\/strong><\/p>\n\n\n\n<p>I 48 anni di esperienza del team di <a href=\"https:\/\/www.europeanrealestate.org\/it\/agenzie-immobiliari\/immobilsarda\" target=\"_blank\" rel=\"noreferrer noopener\">Immobilsarda<\/a> si sono via via sommati a una sempre maggiore attenzione alle tendenze e a una filosofia aziendale lungimirante e proiettata verso il futuro. Tutto questo \u00e8 ci\u00f2 che troverete nei nostri servizi: un\u2019assistenza a tutto tondo che vi accompagner\u00e0 in ogni singolo passo passo del processo di vendita del vostro immobile.<\/p>\n\n\n\n<p>Proprio in nell\u2019ottica di un\u2019offerta innovativa e a tutto tondo nasce l\u2019esclusiva partnership con Immobilsarda Service srl, grazie alla quale potremo ampliare la nostra gamma di servizi e consulenze e garantirvi assistenza specializzata in:<\/p>\n\n\n\n<ul><li>Property &amp; Asset management,<\/li><li>Facility management,<\/li><li>Consulenza notarile,<\/li><li>Finanziaria e bancaria,<\/li><li>Consulenza tecnico-legale internazionale,<\/li><\/ul>\n\n\n\n<ul><li>Consulenza urbanistica,<\/li><li>Verifica e gestione dei documenti catastali,<\/li><li>Consulenza sulle certificazioni urbanistiche,<\/li><li>Assistenza richiesta di mutui,<\/li><li>Pratiche bonus 110%<\/li><\/ul>\n\n\n\n<figure class=\"wp-block-image size-large\"><img loading=\"lazy\" decoding=\"async\" width=\"1024\" height=\"684\" src=\"https:\/\/www.europeanrealestate.org\/blog\/wp-content\/uploads\/2022\/03\/Villa-Gemini-1-1024x684.jpg\" alt=\"\" class=\"wp-image-11100\" srcset=\"https:\/\/www.europeanrealestate.org\/blog\/wp-content\/uploads\/2022\/03\/Villa-Gemini-1-1024x684.jpg 1024w, https:\/\/www.europeanrealestate.org\/blog\/wp-content\/uploads\/2022\/03\/Villa-Gemini-1-300x200.jpg 300w, https:\/\/www.europeanrealestate.org\/blog\/wp-content\/uploads\/2022\/03\/Villa-Gemini-1-768x513.jpg 768w, https:\/\/www.europeanrealestate.org\/blog\/wp-content\/uploads\/2022\/03\/Villa-Gemini-1-1536x1025.jpg 1536w, https:\/\/www.europeanrealestate.org\/blog\/wp-content\/uploads\/2022\/03\/Villa-Gemini-1.jpg 1600w\" sizes=\"(max-width: 1024px) 100vw, 1024px\" \/><\/figure>\n\n\n\n<p><\/p>\n","protected":false},"excerpt":{"rendered":"<p>Poich\u00e9 sembra che il 2022 sia l&#8217;anno della ripresa, Immobilsarda vi aiuter\u00e0 a trovare il momento giusto per vendere la vostra casa in Gallura &#8211; Costa Smeralda con il suo team di esperti.<\/p>\n","protected":false},"author":7,"featured_media":11096,"comment_status":"closed","ping_status":"closed","sticky":false,"template":"","format":"standard","meta":{"footnotes":""},"categories":[20],"tags":[5273,5283],"yoast_head":"<!-- This site is optimized with the Yoast SEO plugin v23.0 - https:\/\/yoast.com\/wordpress\/plugins\/seo\/ -->\n<title>Vendere casa in Gallura - Costa Smeralda | EREN<\/title>\n<meta name=\"description\" content=\"Vendete la vostra casa in Gallura - Costa Smeralda con l&#039;aiuto degli esperti di Immobilsarda grazie ai suoi circa 50 anni di esperienza.\" \/>\n<meta name=\"robots\" content=\"index, follow, max-snippet:-1, max-image-preview:large, max-video-preview:-1\" \/>\n<link rel=\"canonical\" href=\"https:\/\/www.europeanrealestate.org\/blog\/it\/vendere-casa-quando-ora\/\" \/>\n<meta property=\"og:locale\" content=\"es_ES\" \/>\n<meta property=\"og:type\" content=\"article\" \/>\n<meta property=\"og:title\" content=\"Vendere casa in Gallura - Costa Smeralda | EREN\" \/>\n<meta property=\"og:description\" content=\"Vendete la vostra casa in Gallura - Costa Smeralda con l&#039;aiuto degli esperti di Immobilsarda grazie ai suoi circa 50 anni di esperienza.\" \/>\n<meta property=\"og:url\" content=\"https:\/\/www.europeanrealestate.org\/blog\/it\/vendere-casa-quando-ora\/\" \/>\n<meta property=\"og:site_name\" content=\"EREN\" \/>\n<meta property=\"article:published_time\" content=\"2022-03-30T08:00:00+00:00\" \/>\n<meta property=\"article:modified_time\" content=\"2022-06-17T12:42:18+00:00\" \/>\n<meta property=\"og:image\" content=\"https:\/\/www.europeanrealestate.org\/blog\/wp-content\/uploads\/2022\/03\/Villa-Caprera-1.jpeg\" \/>\n\t<meta property=\"og:image:width\" content=\"1459\" \/>\n\t<meta property=\"og:image:height\" content=\"969\" \/>\n\t<meta property=\"og:image:type\" content=\"image\/jpeg\" \/>\n<meta name=\"author\" content=\"Immobilsarda\" \/>\n<meta name=\"twitter:card\" content=\"summary_large_image\" \/>\n<meta name=\"twitter:label1\" content=\"Escrito por\" \/>\n\t<meta name=\"twitter:data1\" content=\"Immobilsarda\" \/>\n\t<meta name=\"twitter:label2\" content=\"Tiempo de lectura\" \/>\n\t<meta name=\"twitter:data2\" content=\"5 minutos\" \/>\n<script type=\"application\/ld+json\" class=\"yoast-schema-graph\">{\"@context\":\"https:\/\/schema.org\",\"@graph\":[{\"@type\":\"Article\",\"@id\":\"https:\/\/www.europeanrealestate.org\/blog\/it\/vendere-casa-quando-ora\/#article\",\"isPartOf\":{\"@id\":\"https:\/\/www.europeanrealestate.org\/blog\/it\/vendere-casa-quando-ora\/\"},\"author\":{\"name\":\"Immobilsarda\",\"@id\":\"https:\/\/www.europeanrealestate.org\/blog\/#\/schema\/person\/baeeee326c4f3add62cc4589d75942d9\"},\"headline\":\"Vendere casa: quando? Ora!\",\"datePublished\":\"2022-03-30T08:00:00+00:00\",\"dateModified\":\"2022-06-17T12:42:18+00:00\",\"mainEntityOfPage\":{\"@id\":\"https:\/\/www.europeanrealestate.org\/blog\/it\/vendere-casa-quando-ora\/\"},\"wordCount\":837,\"publisher\":{\"@id\":\"https:\/\/www.europeanrealestate.org\/blog\/#organization\"},\"image\":{\"@id\":\"https:\/\/www.europeanrealestate.org\/blog\/it\/vendere-casa-quando-ora\/#primaryimage\"},\"thumbnailUrl\":\"https:\/\/www.europeanrealestate.org\/blog\/wp-content\/uploads\/2022\/03\/Villa-Caprera-1.jpeg\",\"keywords\":[\"Immobilsarda\",\"Sardegna\"],\"articleSection\":[\"Notizie immobiliari\"],\"inLanguage\":\"es\"},{\"@type\":\"WebPage\",\"@id\":\"https:\/\/www.europeanrealestate.org\/blog\/it\/vendere-casa-quando-ora\/\",\"url\":\"https:\/\/www.europeanrealestate.org\/blog\/it\/vendere-casa-quando-ora\/\",\"name\":\"Vendere casa in Gallura - Costa Smeralda | EREN\",\"isPartOf\":{\"@id\":\"https:\/\/www.europeanrealestate.org\/blog\/#website\"},\"primaryImageOfPage\":{\"@id\":\"https:\/\/www.europeanrealestate.org\/blog\/it\/vendere-casa-quando-ora\/#primaryimage\"},\"image\":{\"@id\":\"https:\/\/www.europeanrealestate.org\/blog\/it\/vendere-casa-quando-ora\/#primaryimage\"},\"thumbnailUrl\":\"https:\/\/www.europeanrealestate.org\/blog\/wp-content\/uploads\/2022\/03\/Villa-Caprera-1.jpeg\",\"datePublished\":\"2022-03-30T08:00:00+00:00\",\"dateModified\":\"2022-06-17T12:42:18+00:00\",\"description\":\"Vendete la vostra casa in Gallura - Costa Smeralda con l'aiuto degli esperti di Immobilsarda grazie ai suoi circa 50 anni di esperienza.\",\"breadcrumb\":{\"@id\":\"https:\/\/www.europeanrealestate.org\/blog\/it\/vendere-casa-quando-ora\/#breadcrumb\"},\"inLanguage\":\"es\",\"potentialAction\":[{\"@type\":\"ReadAction\",\"target\":[\"https:\/\/www.europeanrealestate.org\/blog\/it\/vendere-casa-quando-ora\/\"]}]},{\"@type\":\"ImageObject\",\"inLanguage\":\"es\",\"@id\":\"https:\/\/www.europeanrealestate.org\/blog\/it\/vendere-casa-quando-ora\/#primaryimage\",\"url\":\"https:\/\/www.europeanrealestate.org\/blog\/wp-content\/uploads\/2022\/03\/Villa-Caprera-1.jpeg\",\"contentUrl\":\"https:\/\/www.europeanrealestate.org\/blog\/wp-content\/uploads\/2022\/03\/Villa-Caprera-1.jpeg\",\"width\":1459,\"height\":969,\"caption\":\"Vendere casa\"},{\"@type\":\"BreadcrumbList\",\"@id\":\"https:\/\/www.europeanrealestate.org\/blog\/it\/vendere-casa-quando-ora\/#breadcrumb\",\"itemListElement\":[{\"@type\":\"ListItem\",\"position\":1,\"name\":\"Home\",\"item\":\"https:\/\/www.europeanrealestate.org\/blog\/\"},{\"@type\":\"ListItem\",\"position\":2,\"name\":\"Vendere casa: quando? Ora!\"}]},{\"@type\":\"WebSite\",\"@id\":\"https:\/\/www.europeanrealestate.org\/blog\/#website\",\"url\":\"https:\/\/www.europeanrealestate.org\/blog\/\",\"name\":\"EREN\",\"description\":\"European Real Estate Network\",\"publisher\":{\"@id\":\"https:\/\/www.europeanrealestate.org\/blog\/#organization\"},\"potentialAction\":[{\"@type\":\"SearchAction\",\"target\":{\"@type\":\"EntryPoint\",\"urlTemplate\":\"https:\/\/www.europeanrealestate.org\/blog\/?s={search_term_string}\"},\"query-input\":\"required name=search_term_string\"}],\"inLanguage\":\"es\"},{\"@type\":\"Organization\",\"@id\":\"https:\/\/www.europeanrealestate.org\/blog\/#organization\",\"name\":\"EREN\",\"url\":\"https:\/\/www.europeanrealestate.org\/blog\/\",\"logo\":{\"@type\":\"ImageObject\",\"inLanguage\":\"es\",\"@id\":\"https:\/\/www.europeanrealestate.org\/blog\/#\/schema\/logo\/image\/\",\"url\":\"https:\/\/www.europeanrealestate.org\/blog\/wp-content\/uploads\/2019\/05\/EREN_LOGO.svg\",\"contentUrl\":\"https:\/\/www.europeanrealestate.org\/blog\/wp-content\/uploads\/2019\/05\/EREN_LOGO.svg\",\"width\":184,\"height\":14,\"caption\":\"EREN\"},\"image\":{\"@id\":\"https:\/\/www.europeanrealestate.org\/blog\/#\/schema\/logo\/image\/\"}},{\"@type\":\"Person\",\"@id\":\"https:\/\/www.europeanrealestate.org\/blog\/#\/schema\/person\/baeeee326c4f3add62cc4589d75942d9\",\"name\":\"Immobilsarda\",\"image\":{\"@type\":\"ImageObject\",\"inLanguage\":\"es\",\"@id\":\"https:\/\/www.europeanrealestate.org\/blog\/#\/schema\/person\/image\/\",\"url\":\"https:\/\/secure.gravatar.com\/avatar\/76089bd354988ed1433be4ac0057e231?s=96&d=mm&r=g\",\"contentUrl\":\"https:\/\/secure.gravatar.com\/avatar\/76089bd354988ed1433be4ac0057e231?s=96&d=mm&r=g\",\"caption\":\"Immobilsarda\"},\"url\":\"https:\/\/www.europeanrealestate.org\/blog\/author\/immobilsarda\/\"}]}<\/script>\n<!-- \/ Yoast SEO plugin. -->","yoast_head_json":{"title":"Vendere casa in Gallura - Costa Smeralda | EREN","description":"Vendete la vostra casa in Gallura - Costa Smeralda con l'aiuto degli esperti di Immobilsarda grazie ai suoi circa 50 anni di esperienza.","robots":{"index":"index","follow":"follow","max-snippet":"max-snippet:-1","max-image-preview":"max-image-preview:large","max-video-preview":"max-video-preview:-1"},"canonical":"https:\/\/www.europeanrealestate.org\/blog\/it\/vendere-casa-quando-ora\/","og_locale":"es_ES","og_type":"article","og_title":"Vendere casa in Gallura - Costa Smeralda | EREN","og_description":"Vendete la vostra casa in Gallura - Costa Smeralda con l'aiuto degli esperti di Immobilsarda grazie ai suoi circa 50 anni di esperienza.","og_url":"https:\/\/www.europeanrealestate.org\/blog\/it\/vendere-casa-quando-ora\/","og_site_name":"EREN","article_published_time":"2022-03-30T08:00:00+00:00","article_modified_time":"2022-06-17T12:42:18+00:00","og_image":[{"width":1459,"height":969,"url":"https:\/\/www.europeanrealestate.org\/blog\/wp-content\/uploads\/2022\/03\/Villa-Caprera-1.jpeg","type":"image\/jpeg"}],"author":"Immobilsarda","twitter_card":"summary_large_image","twitter_misc":{"Escrito por":"Immobilsarda","Tiempo de lectura":"5 minutos"},"schema":{"@context":"https:\/\/schema.org","@graph":[{"@type":"Article","@id":"https:\/\/www.europeanrealestate.org\/blog\/it\/vendere-casa-quando-ora\/#article","isPartOf":{"@id":"https:\/\/www.europeanrealestate.org\/blog\/it\/vendere-casa-quando-ora\/"},"author":{"name":"Immobilsarda","@id":"https:\/\/www.europeanrealestate.org\/blog\/#\/schema\/person\/baeeee326c4f3add62cc4589d75942d9"},"headline":"Vendere casa: quando? Ora!","datePublished":"2022-03-30T08:00:00+00:00","dateModified":"2022-06-17T12:42:18+00:00","mainEntityOfPage":{"@id":"https:\/\/www.europeanrealestate.org\/blog\/it\/vendere-casa-quando-ora\/"},"wordCount":837,"publisher":{"@id":"https:\/\/www.europeanrealestate.org\/blog\/#organization"},"image":{"@id":"https:\/\/www.europeanrealestate.org\/blog\/it\/vendere-casa-quando-ora\/#primaryimage"},"thumbnailUrl":"https:\/\/www.europeanrealestate.org\/blog\/wp-content\/uploads\/2022\/03\/Villa-Caprera-1.jpeg","keywords":["Immobilsarda","Sardegna"],"articleSection":["Notizie immobiliari"],"inLanguage":"es"},{"@type":"WebPage","@id":"https:\/\/www.europeanrealestate.org\/blog\/it\/vendere-casa-quando-ora\/","url":"https:\/\/www.europeanrealestate.org\/blog\/it\/vendere-casa-quando-ora\/","name":"Vendere casa in Gallura - Costa Smeralda | EREN","isPartOf":{"@id":"https:\/\/www.europeanrealestate.org\/blog\/#website"},"primaryImageOfPage":{"@id":"https:\/\/www.europeanrealestate.org\/blog\/it\/vendere-casa-quando-ora\/#primaryimage"},"image":{"@id":"https:\/\/www.europeanrealestate.org\/blog\/it\/vendere-casa-quando-ora\/#primaryimage"},"thumbnailUrl":"https:\/\/www.europeanrealestate.org\/blog\/wp-content\/uploads\/2022\/03\/Villa-Caprera-1.jpeg","datePublished":"2022-03-30T08:00:00+00:00","dateModified":"2022-06-17T12:42:18+00:00","description":"Vendete la vostra casa in Gallura - Costa Smeralda con l'aiuto degli esperti di Immobilsarda grazie ai suoi circa 50 anni di esperienza.","breadcrumb":{"@id":"https:\/\/www.europeanrealestate.org\/blog\/it\/vendere-casa-quando-ora\/#breadcrumb"},"inLanguage":"es","potentialAction":[{"@type":"ReadAction","target":["https:\/\/www.europeanrealestate.org\/blog\/it\/vendere-casa-quando-ora\/"]}]},{"@type":"ImageObject","inLanguage":"es","@id":"https:\/\/www.europeanrealestate.org\/blog\/it\/vendere-casa-quando-ora\/#primaryimage","url":"https:\/\/www.europeanrealestate.org\/blog\/wp-content\/uploads\/2022\/03\/Villa-Caprera-1.jpeg","contentUrl":"https:\/\/www.europeanrealestate.org\/blog\/wp-content\/uploads\/2022\/03\/Villa-Caprera-1.jpeg","width":1459,"height":969,"caption":"Vendere casa"},{"@type":"BreadcrumbList","@id":"https:\/\/www.europeanrealestate.org\/blog\/it\/vendere-casa-quando-ora\/#breadcrumb","itemListElement":[{"@type":"ListItem","position":1,"name":"Home","item":"https:\/\/www.europeanrealestate.org\/blog\/"},{"@type":"ListItem","position":2,"name":"Vendere casa: quando? Ora!"}]},{"@type":"WebSite","@id":"https:\/\/www.europeanrealestate.org\/blog\/#website","url":"https:\/\/www.europeanrealestate.org\/blog\/","name":"EREN","description":"European Real Estate Network","publisher":{"@id":"https:\/\/www.europeanrealestate.org\/blog\/#organization"},"potentialAction":[{"@type":"SearchAction","target":{"@type":"EntryPoint","urlTemplate":"https:\/\/www.europeanrealestate.org\/blog\/?s={search_term_string}"},"query-input":"required name=search_term_string"}],"inLanguage":"es"},{"@type":"Organization","@id":"https:\/\/www.europeanrealestate.org\/blog\/#organization","name":"EREN","url":"https:\/\/www.europeanrealestate.org\/blog\/","logo":{"@type":"ImageObject","inLanguage":"es","@id":"https:\/\/www.europeanrealestate.org\/blog\/#\/schema\/logo\/image\/","url":"https:\/\/www.europeanrealestate.org\/blog\/wp-content\/uploads\/2019\/05\/EREN_LOGO.svg","contentUrl":"https:\/\/www.europeanrealestate.org\/blog\/wp-content\/uploads\/2019\/05\/EREN_LOGO.svg","width":184,"height":14,"caption":"EREN"},"image":{"@id":"https:\/\/www.europeanrealestate.org\/blog\/#\/schema\/logo\/image\/"}},{"@type":"Person","@id":"https:\/\/www.europeanrealestate.org\/blog\/#\/schema\/person\/baeeee326c4f3add62cc4589d75942d9","name":"Immobilsarda","image":{"@type":"ImageObject","inLanguage":"es","@id":"https:\/\/www.europeanrealestate.org\/blog\/#\/schema\/person\/image\/","url":"https:\/\/secure.gravatar.com\/avatar\/76089bd354988ed1433be4ac0057e231?s=96&d=mm&r=g","contentUrl":"https:\/\/secure.gravatar.com\/avatar\/76089bd354988ed1433be4ac0057e231?s=96&d=mm&r=g","caption":"Immobilsarda"},"url":"https:\/\/www.europeanrealestate.org\/blog\/author\/immobilsarda\/"}]}},"_links":{"self":[{"href":"https:\/\/www.europeanrealestate.org\/blog\/wp-json\/wp\/v2\/posts\/11092"}],"collection":[{"href":"https:\/\/www.europeanrealestate.org\/blog\/wp-json\/wp\/v2\/posts"}],"about":[{"href":"https:\/\/www.europeanrealestate.org\/blog\/wp-json\/wp\/v2\/types\/post"}],"author":[{"embeddable":true,"href":"https:\/\/www.europeanrealestate.org\/blog\/wp-json\/wp\/v2\/users\/7"}],"replies":[{"embeddable":true,"href":"https:\/\/www.europeanrealestate.org\/blog\/wp-json\/wp\/v2\/comments?post=11092"}],"version-history":[{"count":3,"href":"https:\/\/www.europeanrealestate.org\/blog\/wp-json\/wp\/v2\/posts\/11092\/revisions"}],"predecessor-version":[{"id":11101,"href":"https:\/\/www.europeanrealestate.org\/blog\/wp-json\/wp\/v2\/posts\/11092\/revisions\/11101"}],"wp:featuredmedia":[{"embeddable":true,"href":"https:\/\/www.europeanrealestate.org\/blog\/wp-json\/wp\/v2\/media\/11096"}],"wp:attachment":[{"href":"https:\/\/www.europeanrealestate.org\/blog\/wp-json\/wp\/v2\/media?parent=11092"}],"wp:term":[{"taxonomy":"category","embeddable":true,"href":"https:\/\/www.europeanrealestate.org\/blog\/wp-json\/wp\/v2\/categories?post=11092"},{"taxonomy":"post_tag","embeddable":true,"href":"https:\/\/www.europeanrealestate.org\/blog\/wp-json\/wp\/v2\/tags?post=11092"}],"curies":[{"name":"wp","href":"https:\/\/api.w.org\/{rel}","templated":true}]}}