{"id":9708,"date":"2019-08-12T09:00:13","date_gmt":"2019-08-12T07:00:13","guid":{"rendered":"https:\/\/www.europeanrealestate.org\/blog\/?p=9708"},"modified":"2019-09-04T17:42:04","modified_gmt":"2019-09-04T15:42:04","slug":"6-villas-lujo-disfrutar-verano-suiza","status":"publish","type":"post","link":"https:\/\/www.europeanrealestate.org\/blog\/es\/6-villas-lujo-disfrutar-verano-suiza\/","title":{"rendered":"6 villas de lujo para disfrutar del verano en Suiza"},"content":{"rendered":"<p>Es de sobra conocido que el pa\u00eds helv\u00e9tico es un destino escogido por muchos para pasar las vacaciones de inverno. Pero disfrutar del <strong>verano en Suiza<\/strong> puede ser una opci\u00f3n m\u00e1s que acertada.<\/p>\n<p>Cuando pensamos en un paisaje suizo enseguida nos viene a la mente peque\u00f1os pueblos a los pies de imponentes monta\u00f1as nevadas. Y es que los Alpes tienen una gran presencia, ya que ocupan m\u00e1s de un 60% de su territorio. No obstante, debemos tener en cuenta que Suiza es un lugar de contrastes. Y son sus verdes valles, grandes prados y lagos los que hacen de <strong>Suiza el perfecto destino de vacaciones de verano<\/strong>.<\/p>\n<p>El verano en Suiza promete un clima mucho m\u00e1s suave que otros pa\u00edses europeos, variando la temperatura media entre 18\u00b0C y 28\u00b0C. As\u00ed, los amantes de la naturaleza podr\u00e1n hacer todo tipo de actividades al aire libre, dar agradables paseos por id\u00edlicos entornos naturales o disfrutar de sus bellos lagos. Entre ellos, el lago Lem\u00e1n, el m\u00e1s grande con 580km2, el lago de Neuch\u00e2tel, el lago Mayor y los lagos de Lucerna, Z\u00farich y Lugano. Incluso los amantes de los deportes de invierno podr\u00e1n visitar estaciones de esqu\u00ed como la de Zermatt, conocida por su animado <em>apr\u00e8s ski<\/em>, o Saas-Fee.<\/p>\n<p>Si no solo est\u00e1 pensando en pasar un verano en Suiza sino que le gustar\u00eda <strong>adquirir una segunda residencia<\/strong> en este bello pa\u00eds, siga leyendo. Seguidamente le ofrecemos una selecci\u00f3n de seis villas de lujo en diferentes comunas suizas.<\/p>\n<h2>Villas con una fant\u00e1stica ubicaci\u00f3n el cant\u00f3n de Valais y Vaud<\/h2>\n<p><img loading=\"lazy\" decoding=\"async\" class=\"aligncenter wp-image-9713 size-full\" title=\"Villa en St-Germain con vistas a los Alpes\" src=\"https:\/\/www.europeanrealestate.org\/blog\/wp-content\/uploads\/2019\/08\/CI-1-1-e1565345056186.jpg\" alt=\"Villa en venta en St-Germain, cant\u00f3n de Valais\" width=\"1254\" height=\"705\" srcset=\"https:\/\/www.europeanrealestate.org\/blog\/wp-content\/uploads\/2019\/08\/CI-1-1-e1565345056186.jpg 1254w, https:\/\/www.europeanrealestate.org\/blog\/wp-content\/uploads\/2019\/08\/CI-1-1-e1565345056186-300x169.jpg 300w, https:\/\/www.europeanrealestate.org\/blog\/wp-content\/uploads\/2019\/08\/CI-1-1-e1565345056186-768x432.jpg 768w, https:\/\/www.europeanrealestate.org\/blog\/wp-content\/uploads\/2019\/08\/CI-1-1-e1565345056186-1024x576.jpg 1024w\" sizes=\"(max-width: 1254px) 100vw, 1254px\" \/><\/p>\n<p>Ubicada en <strong>St-Germain<\/strong>, en la comuna valesana de <strong>Savi\u00e8se<\/strong>, encontramos una <a href=\"https:\/\/www.europeanrealestate.org\/es\/referral\/CI27449\/\" target=\"_blank\" rel=\"noopener noreferrer\">casa de 778m2<\/a> equipada con lo \u00faltimo en sistemas dom\u00f3ticos, de sonido y seguridad. Adem\u00e1s, dispone de piscina interior y piscina exterior, un exclusivo spa y un fabuloso jard\u00edn con unas impresionantes <strong>vistas de los Alpes<\/strong>.<\/p>\n<p>Una propiedad fuera de lo com\u00fan, perfecta para disfrutar del verano en un entorno de monta\u00f1a.<\/p>\n<p><img loading=\"lazy\" decoding=\"async\" class=\"aligncenter wp-image-9714 size-full\" title=\"Villa de lujo en Lausana con un exquisito dise\u00f1o y vistas al lago \" src=\"https:\/\/www.europeanrealestate.org\/blog\/wp-content\/uploads\/2019\/08\/CI-2-e1565345076236.jpg\" alt=\"Villa de lujo en venta en Lausana, Suiza\" width=\"1254\" height=\"705\" srcset=\"https:\/\/www.europeanrealestate.org\/blog\/wp-content\/uploads\/2019\/08\/CI-2-e1565345076236.jpg 1254w, https:\/\/www.europeanrealestate.org\/blog\/wp-content\/uploads\/2019\/08\/CI-2-e1565345076236-300x169.jpg 300w, https:\/\/www.europeanrealestate.org\/blog\/wp-content\/uploads\/2019\/08\/CI-2-e1565345076236-768x432.jpg 768w, https:\/\/www.europeanrealestate.org\/blog\/wp-content\/uploads\/2019\/08\/CI-2-e1565345076236-1024x576.jpg 1024w\" sizes=\"(max-width: 1254px) 100vw, 1254px\" \/><\/p>\n<p>En el cant\u00f3n de Vaud, concretamente en su capital <strong>Lausana<\/strong>, se alza una <a href=\"https:\/\/www.europeanrealestate.org\/es\/referral\/CI26432\/\" target=\"_blank\" rel=\"noopener noreferrer\">lujosa villa de 850m2<\/a> con un espl\u00e9ndido jard\u00edn y dos anexos. Construida en el siglo XX, ha sido completamente reformada y decorada con gran elegancia, conservando su <strong>car\u00e1cter hist\u00f3rico<\/strong>.<\/p>\n<p>Una vivienda concebida para disfrutar de las vacaciones rodeado de familiares y amigos que, adem\u00e1s, ofrece unas fant\u00e1sticas <strong>vistas al lago y los Alpes<\/strong>.<\/p>\n<h2>Villas para disfrutar al m\u00e1ximo del verano en Suiza<\/h2>\n<p><img loading=\"lazy\" decoding=\"async\" class=\"aligncenter wp-image-9715 size-full\" title=\"Vistas al lago desde la piscina interior\" src=\"https:\/\/www.europeanrealestate.org\/blog\/wp-content\/uploads\/2019\/08\/WCH-1-1-e1565345098668.jpg\" alt=\"Villa con piscina interior y vistas al lago en Weggis, Lucerna\" width=\"800\" height=\"450\" srcset=\"https:\/\/www.europeanrealestate.org\/blog\/wp-content\/uploads\/2019\/08\/WCH-1-1-e1565345098668.jpg 800w, https:\/\/www.europeanrealestate.org\/blog\/wp-content\/uploads\/2019\/08\/WCH-1-1-e1565345098668-300x169.jpg 300w, https:\/\/www.europeanrealestate.org\/blog\/wp-content\/uploads\/2019\/08\/WCH-1-1-e1565345098668-768x432.jpg 768w\" sizes=\"(max-width: 800px) 100vw, 800px\" \/><\/p>\n<p>Esta villa se encuentra en la comuna de <strong>Weggis<\/strong>, a poca distancia de la ciudad de <strong>Lucerna y Z\u00farich<\/strong>. Son el uso de materiales de gran calidad y su exclusivo dise\u00f1o los que definen esta <a href=\"https:\/\/www.europeanrealestate.org\/es\/referral\/WCHL08.835.S\/\" target=\"_blank\" rel=\"noopener noreferrer\">propiedad de 350m2<\/a>. La espaciosa villa de cinco dormitorios goza tambi\u00e9n de <strong>gran privacidad<\/strong> y encantadoras vistas al lago y las monta\u00f1as circundantes.<\/p>\n<p>Su <strong>piscina interior<\/strong> con zona spa y sauna, sus amplias terrazas y su cuidado jard\u00edn har\u00e1n de las vacaciones una relajante experiencia.<\/p>\n<p><img loading=\"lazy\" decoding=\"async\" class=\"aligncenter wp-image-9719 size-full\" title=\"Moderna villa con exquisitas vistas en Wangen\" src=\"https:\/\/www.europeanrealestate.org\/blog\/wp-content\/uploads\/2019\/08\/WCH-2-2-retocada-1-e1565345524509.jpg\" alt=\"Villa en venta en Wangen, cant\u00f3n de Schwyz\" width=\"800\" height=\"450\" srcset=\"https:\/\/www.europeanrealestate.org\/blog\/wp-content\/uploads\/2019\/08\/WCH-2-2-retocada-1-e1565345524509.jpg 800w, https:\/\/www.europeanrealestate.org\/blog\/wp-content\/uploads\/2019\/08\/WCH-2-2-retocada-1-e1565345524509-300x169.jpg 300w, https:\/\/www.europeanrealestate.org\/blog\/wp-content\/uploads\/2019\/08\/WCH-2-2-retocada-1-e1565345524509-768x432.jpg 768w\" sizes=\"(max-width: 800px) 100vw, 800px\" \/><\/p>\n<p>En <strong>Wangen<\/strong>, en el cant\u00f3n de Schwyz, encontramos una <a href=\"https:\/\/www.europeanrealestate.org\/es\/referral\/WCHL08.902.N\" target=\"_blank\" rel=\"noopener noreferrer\">moderna villa de 400m2<\/a> que cuenta con espacios para disfrutar al m\u00e1ximo del tiempo libre. Entre ellos, gimnasio, sauna, amplias terrazas con barbacoa y una <strong>piscina de borde infinito<\/strong> desde la que podr\u00e1 contemplar el magn\u00edfico paisaje circundante.<\/p>\n<p>Sin duda, la propiedad perfecta para amantes de los deportes de agua y del golf, situada a poca distancia del lago y de un <strong>exclusivo campo de golf.<\/strong><\/p>\n<h2>Villas con vistas al lago de Lugano, en el cant\u00f3n del Tesino<\/h2>\n<p><img loading=\"lazy\" decoding=\"async\" class=\"aligncenter wp-image-9710 size-full\" title=\"Fant\u00e1stica villa con jard\u00edn y piscina en Massagno \" src=\"https:\/\/www.europeanrealestate.org\/blog\/wp-content\/uploads\/2019\/08\/WE-1-e1565345004725.jpg\" alt=\"Villa de lujo en venta en Massagno, Suiza\" width=\"1920\" height=\"1080\" srcset=\"https:\/\/www.europeanrealestate.org\/blog\/wp-content\/uploads\/2019\/08\/WE-1-e1565345004725.jpg 1920w, https:\/\/www.europeanrealestate.org\/blog\/wp-content\/uploads\/2019\/08\/WE-1-e1565345004725-300x169.jpg 300w, https:\/\/www.europeanrealestate.org\/blog\/wp-content\/uploads\/2019\/08\/WE-1-e1565345004725-768x432.jpg 768w, https:\/\/www.europeanrealestate.org\/blog\/wp-content\/uploads\/2019\/08\/WE-1-e1565345004725-1024x576.jpg 1024w\" sizes=\"(max-width: 1920px) 100vw, 1920px\" \/><\/p>\n<p>Ubicada en <strong>Massagno<\/strong> y con unas espectaculares vistas al lago, encontramos esta <a href=\"https:\/\/www.europeanrealestate.org\/es\/referral\/WE88545\/\" target=\"_blank\" rel=\"noopener noreferrer\">elegante villa de m\u00e1s de 800m2<\/a>. Ocho dormitorios y grandes estancias con <strong>acabados de gran calidad<\/strong> le esperan en el interior de esta propiedad.<\/p>\n<p>Su piscina y su <strong>amplio jard\u00edn<\/strong> ofrecen el espacio perfecto dejar pasar el verano y&nbsp; relajarse mientras contempla el fabuloso entorno circundante.<\/p>\n<p><img loading=\"lazy\" decoding=\"async\" class=\"aligncenter wp-image-9712 size-full\" title=\"Villa de dise\u00f1o con vistas al lago en Castagnola \" src=\"https:\/\/www.europeanrealestate.org\/blog\/wp-content\/uploads\/2019\/08\/WE-2-e1565345026615.jpg\" alt=\"Exclusiva villa en venta en Castagnola, Suiza\" width=\"1920\" height=\"1080\" srcset=\"https:\/\/www.europeanrealestate.org\/blog\/wp-content\/uploads\/2019\/08\/WE-2-e1565345026615.jpg 1920w, https:\/\/www.europeanrealestate.org\/blog\/wp-content\/uploads\/2019\/08\/WE-2-e1565345026615-300x169.jpg 300w, https:\/\/www.europeanrealestate.org\/blog\/wp-content\/uploads\/2019\/08\/WE-2-e1565345026615-768x432.jpg 768w, https:\/\/www.europeanrealestate.org\/blog\/wp-content\/uploads\/2019\/08\/WE-2-e1565345026615-1024x576.jpg 1024w\" sizes=\"(max-width: 1920px) 100vw, 1920px\" \/><\/p>\n<p>Esta <a href=\"https:\/\/www.europeanrealestate.org\/es\/referral\/WE88411\/\" target=\"_blank\" rel=\"noopener noreferrer\">fant\u00e1stica villa de 296m2<\/a> est\u00e1 situada en la comuna de <strong>Castagnola<\/strong>, a solo unos pocos kil\u00f3metros de la ciudad de Lugano. Dispone de exquisitos acabados interiores y una gran terraza con piscina desde la que podr\u00e1 disfrutar de unas <strong>imponentes vistas al lago y las monta\u00f1as<\/strong>.<\/p>\n<p>Sin duda, una residencia perfecta si desea disfrutar de las vacaciones en Suiza.<\/p>\n<p>Todas estas exclusivas propiedades forman parte del portfolio de nuestros partners suizos <a href=\"https:\/\/www.europeanrealestate.org\/es\/agencias-inmobiliarias\/comptoir-immobilier\" target=\"_blank\" rel=\"noopener noreferrer\"><strong>CI Exclusive Properties<\/strong><\/a>, <strong><a href=\"https:\/\/www.europeanrealestate.org\/es\/agencias-inmobiliarias\/wetag-consulting\" target=\"_blank\" rel=\"noopener noreferrer\">Wetag Cosulting<\/a> y <a href=\"https:\/\/www.europeanrealestate.org\/es\/agencias-inmobiliarias\/walde-partner-immobilien\" target=\"_blank\" rel=\"noopener noreferrer\">Walde &amp; Partner Immobilien<\/a><\/strong>.<\/p>\n","protected":false},"excerpt":{"rendered":"<p>El pa\u00eds helv\u00e9tico es un destino escogido por muchos para pasar las vacaciones de inverno, pero disfrutar del verano en Suiza puede una opci\u00f3n m\u00e1s que acertada. <\/p>\n","protected":false},"author":15,"featured_media":9711,"comment_status":"closed","ping_status":"closed","sticky":false,"template":"","format":"standard","meta":{"footnotes":""},"categories":[1091],"tags":[5637,5607,5647,5627,5667,5657,5621,5229],"yoast_head":"<!-- This site is optimized with the Yoast SEO plugin v23.0 - https:\/\/yoast.com\/wordpress\/plugins\/seo\/ -->\n<title>Verano en Suiza: seis villas de lujo en venta | EREN<\/title>\n<meta name=\"description\" content=\"Si le gustar\u00eda comprar una segunda residencia en Suiza para disfrutar del verano, descubra nuestra una selecci\u00f3n villas de lujo en venta.\" \/>\n<meta name=\"robots\" content=\"index, follow, max-snippet:-1, max-image-preview:large, max-video-preview:-1\" \/>\n<link rel=\"canonical\" href=\"https:\/\/www.europeanrealestate.org\/blog\/es\/6-villas-lujo-disfrutar-verano-suiza\/\" \/>\n<meta property=\"og:locale\" content=\"es_ES\" \/>\n<meta property=\"og:type\" content=\"article\" \/>\n<meta property=\"og:title\" content=\"Verano en Suiza: seis villas de lujo en venta | EREN\" \/>\n<meta property=\"og:description\" content=\"Si le gustar\u00eda comprar una segunda residencia en Suiza para disfrutar del verano, descubra nuestra una selecci\u00f3n villas de lujo en venta.\" \/>\n<meta property=\"og:url\" content=\"https:\/\/www.europeanrealestate.org\/blog\/es\/6-villas-lujo-disfrutar-verano-suiza\/\" \/>\n<meta property=\"og:site_name\" content=\"EREN\" \/>\n<meta property=\"article:published_time\" content=\"2019-08-12T07:00:13+00:00\" \/>\n<meta property=\"article:modified_time\" content=\"2019-09-04T15:42:04+00:00\" \/>\n<meta property=\"og:image\" content=\"https:\/\/www.europeanrealestate.org\/blog\/wp-content\/uploads\/2019\/08\/WE-1-1.jpg\" \/>\n\t<meta property=\"og:image:width\" content=\"1920\" \/>\n\t<meta property=\"og:image:height\" content=\"1280\" \/>\n\t<meta property=\"og:image:type\" content=\"image\/jpeg\" \/>\n<meta name=\"author\" content=\"Wetag Consulting\" \/>\n<meta name=\"twitter:card\" content=\"summary_large_image\" \/>\n<meta name=\"twitter:label1\" content=\"Escrito por\" \/>\n\t<meta name=\"twitter:data1\" content=\"Wetag Consulting\" \/>\n\t<meta name=\"twitter:label2\" content=\"Tiempo de lectura\" \/>\n\t<meta name=\"twitter:data2\" content=\"4 minutos\" \/>\n<script type=\"application\/ld+json\" class=\"yoast-schema-graph\">{\"@context\":\"https:\/\/schema.org\",\"@graph\":[{\"@type\":\"Article\",\"@id\":\"https:\/\/www.europeanrealestate.org\/blog\/es\/6-villas-lujo-disfrutar-verano-suiza\/#article\",\"isPartOf\":{\"@id\":\"https:\/\/www.europeanrealestate.org\/blog\/es\/6-villas-lujo-disfrutar-verano-suiza\/\"},\"author\":{\"name\":\"Wetag Consulting\",\"@id\":\"https:\/\/www.europeanrealestate.org\/blog\/#\/schema\/person\/28b96a6b66bcdfa9ba85e9d3dd4198bd\"},\"headline\":\"6 villas de lujo para disfrutar del verano en Suiza\",\"datePublished\":\"2019-08-12T07:00:13+00:00\",\"dateModified\":\"2019-09-04T15:42:04+00:00\",\"mainEntityOfPage\":{\"@id\":\"https:\/\/www.europeanrealestate.org\/blog\/es\/6-villas-lujo-disfrutar-verano-suiza\/\"},\"wordCount\":763,\"publisher\":{\"@id\":\"https:\/\/www.europeanrealestate.org\/blog\/#organization\"},\"image\":{\"@id\":\"https:\/\/www.europeanrealestate.org\/blog\/es\/6-villas-lujo-disfrutar-verano-suiza\/#primaryimage\"},\"thumbnailUrl\":\"https:\/\/www.europeanrealestate.org\/blog\/wp-content\/uploads\/2019\/08\/WE-1-1.jpg\",\"keywords\":[\"Casa vacacional\",\"CI Exclusive Properties\",\"Segunda residencia\",\"Villas en Suiza\",\"Vistas a las monta\u00f1as\",\"Vistas al lago\",\"Walde &amp; Partner Immobilien\",\"Wetag Consulting\"],\"articleSection\":[\"Propiedades destacadas\"],\"inLanguage\":\"es\"},{\"@type\":\"WebPage\",\"@id\":\"https:\/\/www.europeanrealestate.org\/blog\/es\/6-villas-lujo-disfrutar-verano-suiza\/\",\"url\":\"https:\/\/www.europeanrealestate.org\/blog\/es\/6-villas-lujo-disfrutar-verano-suiza\/\",\"name\":\"Verano en Suiza: seis villas de lujo en venta | EREN\",\"isPartOf\":{\"@id\":\"https:\/\/www.europeanrealestate.org\/blog\/#website\"},\"primaryImageOfPage\":{\"@id\":\"https:\/\/www.europeanrealestate.org\/blog\/es\/6-villas-lujo-disfrutar-verano-suiza\/#primaryimage\"},\"image\":{\"@id\":\"https:\/\/www.europeanrealestate.org\/blog\/es\/6-villas-lujo-disfrutar-verano-suiza\/#primaryimage\"},\"thumbnailUrl\":\"https:\/\/www.europeanrealestate.org\/blog\/wp-content\/uploads\/2019\/08\/WE-1-1.jpg\",\"datePublished\":\"2019-08-12T07:00:13+00:00\",\"dateModified\":\"2019-09-04T15:42:04+00:00\",\"description\":\"Si le gustar\u00eda comprar una segunda residencia en Suiza para disfrutar del verano, descubra nuestra una selecci\u00f3n villas de lujo en venta.\",\"breadcrumb\":{\"@id\":\"https:\/\/www.europeanrealestate.org\/blog\/es\/6-villas-lujo-disfrutar-verano-suiza\/#breadcrumb\"},\"inLanguage\":\"es\",\"potentialAction\":[{\"@type\":\"ReadAction\",\"target\":[\"https:\/\/www.europeanrealestate.org\/blog\/es\/6-villas-lujo-disfrutar-verano-suiza\/\"]}]},{\"@type\":\"ImageObject\",\"inLanguage\":\"es\",\"@id\":\"https:\/\/www.europeanrealestate.org\/blog\/es\/6-villas-lujo-disfrutar-verano-suiza\/#primaryimage\",\"url\":\"https:\/\/www.europeanrealestate.org\/blog\/wp-content\/uploads\/2019\/08\/WE-1-1.jpg\",\"contentUrl\":\"https:\/\/www.europeanrealestate.org\/blog\/wp-content\/uploads\/2019\/08\/WE-1-1.jpg\",\"width\":1920,\"height\":1280,\"caption\":\"Villa de lujo en venta para disfrutar del verano en Suiza\"},{\"@type\":\"BreadcrumbList\",\"@id\":\"https:\/\/www.europeanrealestate.org\/blog\/es\/6-villas-lujo-disfrutar-verano-suiza\/#breadcrumb\",\"itemListElement\":[{\"@type\":\"ListItem\",\"position\":1,\"name\":\"Home\",\"item\":\"https:\/\/www.europeanrealestate.org\/blog\/\"},{\"@type\":\"ListItem\",\"position\":2,\"name\":\"6 villas de lujo para disfrutar del verano en Suiza\"}]},{\"@type\":\"WebSite\",\"@id\":\"https:\/\/www.europeanrealestate.org\/blog\/#website\",\"url\":\"https:\/\/www.europeanrealestate.org\/blog\/\",\"name\":\"EREN\",\"description\":\"European Real Estate Network\",\"publisher\":{\"@id\":\"https:\/\/www.europeanrealestate.org\/blog\/#organization\"},\"potentialAction\":[{\"@type\":\"SearchAction\",\"target\":{\"@type\":\"EntryPoint\",\"urlTemplate\":\"https:\/\/www.europeanrealestate.org\/blog\/?s={search_term_string}\"},\"query-input\":\"required name=search_term_string\"}],\"inLanguage\":\"es\"},{\"@type\":\"Organization\",\"@id\":\"https:\/\/www.europeanrealestate.org\/blog\/#organization\",\"name\":\"EREN\",\"url\":\"https:\/\/www.europeanrealestate.org\/blog\/\",\"logo\":{\"@type\":\"ImageObject\",\"inLanguage\":\"es\",\"@id\":\"https:\/\/www.europeanrealestate.org\/blog\/#\/schema\/logo\/image\/\",\"url\":\"https:\/\/www.europeanrealestate.org\/blog\/wp-content\/uploads\/2019\/05\/EREN_LOGO.svg\",\"contentUrl\":\"https:\/\/www.europeanrealestate.org\/blog\/wp-content\/uploads\/2019\/05\/EREN_LOGO.svg\",\"width\":184,\"height\":14,\"caption\":\"EREN\"},\"image\":{\"@id\":\"https:\/\/www.europeanrealestate.org\/blog\/#\/schema\/logo\/image\/\"}},{\"@type\":\"Person\",\"@id\":\"https:\/\/www.europeanrealestate.org\/blog\/#\/schema\/person\/28b96a6b66bcdfa9ba85e9d3dd4198bd\",\"name\":\"Wetag Consulting\",\"image\":{\"@type\":\"ImageObject\",\"inLanguage\":\"es\",\"@id\":\"https:\/\/www.europeanrealestate.org\/blog\/#\/schema\/person\/image\/\",\"url\":\"https:\/\/secure.gravatar.com\/avatar\/56258aaeb88375f7e0b75ddc3f3be5dc?s=96&d=mm&r=g\",\"contentUrl\":\"https:\/\/secure.gravatar.com\/avatar\/56258aaeb88375f7e0b75ddc3f3be5dc?s=96&d=mm&r=g\",\"caption\":\"Wetag Consulting\"},\"url\":\"https:\/\/www.europeanrealestate.org\/blog\/author\/wetag-consulting\/\"}]}<\/script>\n<!-- \/ Yoast SEO plugin. -->","yoast_head_json":{"title":"Verano en Suiza: seis villas de lujo en venta | EREN","description":"Si le gustar\u00eda comprar una segunda residencia en Suiza para disfrutar del verano, descubra nuestra una selecci\u00f3n villas de lujo en venta.","robots":{"index":"index","follow":"follow","max-snippet":"max-snippet:-1","max-image-preview":"max-image-preview:large","max-video-preview":"max-video-preview:-1"},"canonical":"https:\/\/www.europeanrealestate.org\/blog\/es\/6-villas-lujo-disfrutar-verano-suiza\/","og_locale":"es_ES","og_type":"article","og_title":"Verano en Suiza: seis villas de lujo en venta | EREN","og_description":"Si le gustar\u00eda comprar una segunda residencia en Suiza para disfrutar del verano, descubra nuestra una selecci\u00f3n villas de lujo en venta.","og_url":"https:\/\/www.europeanrealestate.org\/blog\/es\/6-villas-lujo-disfrutar-verano-suiza\/","og_site_name":"EREN","article_published_time":"2019-08-12T07:00:13+00:00","article_modified_time":"2019-09-04T15:42:04+00:00","og_image":[{"width":1920,"height":1280,"url":"https:\/\/www.europeanrealestate.org\/blog\/wp-content\/uploads\/2019\/08\/WE-1-1.jpg","type":"image\/jpeg"}],"author":"Wetag Consulting","twitter_card":"summary_large_image","twitter_misc":{"Escrito por":"Wetag Consulting","Tiempo de lectura":"4 minutos"},"schema":{"@context":"https:\/\/schema.org","@graph":[{"@type":"Article","@id":"https:\/\/www.europeanrealestate.org\/blog\/es\/6-villas-lujo-disfrutar-verano-suiza\/#article","isPartOf":{"@id":"https:\/\/www.europeanrealestate.org\/blog\/es\/6-villas-lujo-disfrutar-verano-suiza\/"},"author":{"name":"Wetag Consulting","@id":"https:\/\/www.europeanrealestate.org\/blog\/#\/schema\/person\/28b96a6b66bcdfa9ba85e9d3dd4198bd"},"headline":"6 villas de lujo para disfrutar del verano en Suiza","datePublished":"2019-08-12T07:00:13+00:00","dateModified":"2019-09-04T15:42:04+00:00","mainEntityOfPage":{"@id":"https:\/\/www.europeanrealestate.org\/blog\/es\/6-villas-lujo-disfrutar-verano-suiza\/"},"wordCount":763,"publisher":{"@id":"https:\/\/www.europeanrealestate.org\/blog\/#organization"},"image":{"@id":"https:\/\/www.europeanrealestate.org\/blog\/es\/6-villas-lujo-disfrutar-verano-suiza\/#primaryimage"},"thumbnailUrl":"https:\/\/www.europeanrealestate.org\/blog\/wp-content\/uploads\/2019\/08\/WE-1-1.jpg","keywords":["Casa vacacional","CI Exclusive Properties","Segunda residencia","Villas en Suiza","Vistas a las monta\u00f1as","Vistas al lago","Walde &amp; Partner Immobilien","Wetag Consulting"],"articleSection":["Propiedades destacadas"],"inLanguage":"es"},{"@type":"WebPage","@id":"https:\/\/www.europeanrealestate.org\/blog\/es\/6-villas-lujo-disfrutar-verano-suiza\/","url":"https:\/\/www.europeanrealestate.org\/blog\/es\/6-villas-lujo-disfrutar-verano-suiza\/","name":"Verano en Suiza: seis villas de lujo en venta | EREN","isPartOf":{"@id":"https:\/\/www.europeanrealestate.org\/blog\/#website"},"primaryImageOfPage":{"@id":"https:\/\/www.europeanrealestate.org\/blog\/es\/6-villas-lujo-disfrutar-verano-suiza\/#primaryimage"},"image":{"@id":"https:\/\/www.europeanrealestate.org\/blog\/es\/6-villas-lujo-disfrutar-verano-suiza\/#primaryimage"},"thumbnailUrl":"https:\/\/www.europeanrealestate.org\/blog\/wp-content\/uploads\/2019\/08\/WE-1-1.jpg","datePublished":"2019-08-12T07:00:13+00:00","dateModified":"2019-09-04T15:42:04+00:00","description":"Si le gustar\u00eda comprar una segunda residencia en Suiza para disfrutar del verano, descubra nuestra una selecci\u00f3n villas de lujo en venta.","breadcrumb":{"@id":"https:\/\/www.europeanrealestate.org\/blog\/es\/6-villas-lujo-disfrutar-verano-suiza\/#breadcrumb"},"inLanguage":"es","potentialAction":[{"@type":"ReadAction","target":["https:\/\/www.europeanrealestate.org\/blog\/es\/6-villas-lujo-disfrutar-verano-suiza\/"]}]},{"@type":"ImageObject","inLanguage":"es","@id":"https:\/\/www.europeanrealestate.org\/blog\/es\/6-villas-lujo-disfrutar-verano-suiza\/#primaryimage","url":"https:\/\/www.europeanrealestate.org\/blog\/wp-content\/uploads\/2019\/08\/WE-1-1.jpg","contentUrl":"https:\/\/www.europeanrealestate.org\/blog\/wp-content\/uploads\/2019\/08\/WE-1-1.jpg","width":1920,"height":1280,"caption":"Villa de lujo en venta para disfrutar del verano en Suiza"},{"@type":"BreadcrumbList","@id":"https:\/\/www.europeanrealestate.org\/blog\/es\/6-villas-lujo-disfrutar-verano-suiza\/#breadcrumb","itemListElement":[{"@type":"ListItem","position":1,"name":"Home","item":"https:\/\/www.europeanrealestate.org\/blog\/"},{"@type":"ListItem","position":2,"name":"6 villas de lujo para disfrutar del verano en Suiza"}]},{"@type":"WebSite","@id":"https:\/\/www.europeanrealestate.org\/blog\/#website","url":"https:\/\/www.europeanrealestate.org\/blog\/","name":"EREN","description":"European Real Estate Network","publisher":{"@id":"https:\/\/www.europeanrealestate.org\/blog\/#organization"},"potentialAction":[{"@type":"SearchAction","target":{"@type":"EntryPoint","urlTemplate":"https:\/\/www.europeanrealestate.org\/blog\/?s={search_term_string}"},"query-input":"required name=search_term_string"}],"inLanguage":"es"},{"@type":"Organization","@id":"https:\/\/www.europeanrealestate.org\/blog\/#organization","name":"EREN","url":"https:\/\/www.europeanrealestate.org\/blog\/","logo":{"@type":"ImageObject","inLanguage":"es","@id":"https:\/\/www.europeanrealestate.org\/blog\/#\/schema\/logo\/image\/","url":"https:\/\/www.europeanrealestate.org\/blog\/wp-content\/uploads\/2019\/05\/EREN_LOGO.svg","contentUrl":"https:\/\/www.europeanrealestate.org\/blog\/wp-content\/uploads\/2019\/05\/EREN_LOGO.svg","width":184,"height":14,"caption":"EREN"},"image":{"@id":"https:\/\/www.europeanrealestate.org\/blog\/#\/schema\/logo\/image\/"}},{"@type":"Person","@id":"https:\/\/www.europeanrealestate.org\/blog\/#\/schema\/person\/28b96a6b66bcdfa9ba85e9d3dd4198bd","name":"Wetag Consulting","image":{"@type":"ImageObject","inLanguage":"es","@id":"https:\/\/www.europeanrealestate.org\/blog\/#\/schema\/person\/image\/","url":"https:\/\/secure.gravatar.com\/avatar\/56258aaeb88375f7e0b75ddc3f3be5dc?s=96&d=mm&r=g","contentUrl":"https:\/\/secure.gravatar.com\/avatar\/56258aaeb88375f7e0b75ddc3f3be5dc?s=96&d=mm&r=g","caption":"Wetag Consulting"},"url":"https:\/\/www.europeanrealestate.org\/blog\/author\/wetag-consulting\/"}]}},"_links":{"self":[{"href":"https:\/\/www.europeanrealestate.org\/blog\/wp-json\/wp\/v2\/posts\/9708"}],"collection":[{"href":"https:\/\/www.europeanrealestate.org\/blog\/wp-json\/wp\/v2\/posts"}],"about":[{"href":"https:\/\/www.europeanrealestate.org\/blog\/wp-json\/wp\/v2\/types\/post"}],"author":[{"embeddable":true,"href":"https:\/\/www.europeanrealestate.org\/blog\/wp-json\/wp\/v2\/users\/15"}],"replies":[{"embeddable":true,"href":"https:\/\/www.europeanrealestate.org\/blog\/wp-json\/wp\/v2\/comments?post=9708"}],"version-history":[{"count":16,"href":"https:\/\/www.europeanrealestate.org\/blog\/wp-json\/wp\/v2\/posts\/9708\/revisions"}],"predecessor-version":[{"id":9772,"href":"https:\/\/www.europeanrealestate.org\/blog\/wp-json\/wp\/v2\/posts\/9708\/revisions\/9772"}],"wp:featuredmedia":[{"embeddable":true,"href":"https:\/\/www.europeanrealestate.org\/blog\/wp-json\/wp\/v2\/media\/9711"}],"wp:attachment":[{"href":"https:\/\/www.europeanrealestate.org\/blog\/wp-json\/wp\/v2\/media?parent=9708"}],"wp:term":[{"taxonomy":"category","embeddable":true,"href":"https:\/\/www.europeanrealestate.org\/blog\/wp-json\/wp\/v2\/categories?post=9708"},{"taxonomy":"post_tag","embeddable":true,"href":"https:\/\/www.europeanrealestate.org\/blog\/wp-json\/wp\/v2\/tags?post=9708"}],"curies":[{"name":"wp","href":"https:\/\/api.w.org\/{rel}","templated":true}]}}