{"id":9929,"date":"2019-10-10T13:00:05","date_gmt":"2019-10-10T11:00:05","guid":{"rendered":"https:\/\/www.europeanrealestate.org\/blog\/?p=9929"},"modified":"2019-10-10T12:57:05","modified_gmt":"2019-10-10T10:57:05","slug":"proprieta-settimana-villa-epoca-in-vendita-quinto-valpantena-verona","status":"publish","type":"post","link":"https:\/\/www.europeanrealestate.org\/blog\/it\/proprieta-settimana-villa-epoca-in-vendita-quinto-valpantena-verona\/","title":{"rendered":"Propriet\u00e0 della settimana: una villa d\u2019epoca a Quinto di Valpantena, Verona"},"content":{"rendered":"<p><strong>Verona<\/strong> \u00e8 conosciuta come la citt\u00e0 dell\u2019amore frutto dall\u2019opera teatrale Romeo e Giulietta del drammaturgo e poeta inglese Shakespeare. E\u2019 una delle citt\u00e0 pi\u00f9 visitate del Bel paese e la sua eredit\u00e0 storica ha contribuito a farla dichiarare Patrimonio dell&#8217;Umanit\u00e0 dall&#8217;UNESCO. Il nostro socio Cofim Immobiliare \u2013 con sede centrale alla regione del Veneto \u2013 ha il piacere di presentarvi una magnifica villa d\u2019epoca in Quinto di Valpantena, Verona. Infatti, parliamo di un <strong>capolavoro dell\u2019architettura rinascimentale nell\u2019Italia<\/strong>, progettata dall&#8217;architetto\u00a0Michele Sanmicheli.<\/p>\n<p>Questa <a href=\"http:\/\/www.europeanrealestate.org\/it\/referral\/CFMA1181\/\" target=\"_blank\" rel=\"noopener noreferrer\">esclusiva residenza<\/a> \u00e8 stata ristrutturata con speciale attenzione al dettaglio ed \u00e8 composta da diversi fabbricati con una superficie complessiva di 3700m2. La villa principale si distribuisce su tre livelli collegati attraverso due ascensori. Al piano terra troviamo una grande sala con soffitto a volta che ospita un\u2019immensa piscina riscaldata con spogliatoi, oltre a bagni, cucine e atri.<\/p>\n<p><img loading=\"lazy\" decoding=\"async\" class=\"aligncenter wp-image-9943 size-full\" title=\"Piscina riscaldata con soffitto a volta\" src=\"https:\/\/www.europeanrealestate.org\/blog\/wp-content\/uploads\/2019\/10\/CF2-e1570701242349.jpg\" alt=\"Imponente piscina riscaldata con soffitto a volta\" width=\"988\" height=\"555\" srcset=\"https:\/\/www.europeanrealestate.org\/blog\/wp-content\/uploads\/2019\/10\/CF2-e1570701242349.jpg 988w, https:\/\/www.europeanrealestate.org\/blog\/wp-content\/uploads\/2019\/10\/CF2-e1570701242349-300x169.jpg 300w, https:\/\/www.europeanrealestate.org\/blog\/wp-content\/uploads\/2019\/10\/CF2-e1570701242349-768x431.jpg 768w\" sizes=\"(max-width: 988px) 100vw, 988px\" \/><\/p>\n<p>Il primo piano di questa villa d\u2019epoca accoglie un classico <strong>portego o salone centrale veneto<\/strong> con pavimenti in cotto e imponenti soffitti con travatura alla sansovino, che si apre su quattro locali per parte. Sei portali in pietra con stipiti a treccia collegano il salone alla sala da pranzo, ai salotti, alla sala musica e biliardo. Sono degni di nota i <strong>caminetti in pietra e marmo<\/strong>, i soffitti con stucchi e arabeschi cos\u00ec come i pavimenti in mosaico veneziano.<\/p>\n<p>Alla zona notte, situata al secondo piano, troviamo quattro bagni, otto camere da letto e stanze di servizio.<\/p>\n<p>La propriet\u00e0 \u00e8 immersa in un ampio <strong>parco di 4 ettari di terreno<\/strong>, decorato con statue e fontane, un laghetto e un bellissimo ninfeo con una cappella gentilizia. E\u2019 notevole anche l\u2019affresco presente nella facciata principale dipinto dal famoso artista Paolo Farinati.<\/p>\n<p>Questa villa del Rinascimento a Valpantena offre privacy e tranquillit\u00e0, situata in un bel paesaggio naturale circondato dei <strong>vigneti della Valpolicella DOC<\/strong>\u00a0e uliveti. Il centro della citt\u00e0 di Verona \u00e8 a solo 6 kilometri e l\u2019aeroporto di Villafranca a 20 minuti di auto.<\/p>\n<p><img loading=\"lazy\" decoding=\"async\" class=\"aligncenter wp-image-9944 size-full\" title=\"Villa circondata dei vigneti della Valpolicella DOC\" src=\"https:\/\/www.europeanrealestate.org\/blog\/wp-content\/uploads\/2019\/10\/CF1-e1570701331932.jpg\" alt=\"Villa nell'area della Valpolicella DOC\" width=\"1024\" height=\"576\" srcset=\"https:\/\/www.europeanrealestate.org\/blog\/wp-content\/uploads\/2019\/10\/CF1-e1570701331932.jpg 1024w, https:\/\/www.europeanrealestate.org\/blog\/wp-content\/uploads\/2019\/10\/CF1-e1570701331932-300x169.jpg 300w, https:\/\/www.europeanrealestate.org\/blog\/wp-content\/uploads\/2019\/10\/CF1-e1570701331932-768x432.jpg 768w\" sizes=\"(max-width: 1024px) 100vw, 1024px\" \/><\/p>\n<p>Se siete alla ricerca di <a href=\"https:\/\/www.europeanrealestate.org\/it\/comprare\/ville-case\/italia\/verona\"><strong>case in vendita a Verona<\/strong><\/a> o nella regione del Veneto, visita il portfolio di propriet\u00e0 del nostro socio Cofim Immobiliare.<\/p>\n","protected":false},"excerpt":{"rendered":"<p>Il nostro socio Cofim Immobiliare con sede centrale alla regione del Veneto, ha il piacere di presentarvi una magnifica villa d\u2019epoca in Quinto di Valpantena, Verona<\/p>\n","protected":false},"author":5,"featured_media":9942,"comment_status":"closed","ping_status":"closed","sticky":false,"template":"","format":"standard","meta":{"footnotes":""},"categories":[1095],"tags":[5410,5451,5175],"yoast_head":"<!-- This site is optimized with the Yoast SEO plugin v23.0 - https:\/\/yoast.com\/wordpress\/plugins\/seo\/ -->\n<title>Villa d\u2019epoca in vendita a Quinto di Valpantena, Verona | EREN<\/title>\n<meta name=\"description\" content=\"Se siete interessati nell\u2019acquisto di una casa esclusiva a Verona, vi presentiamo questa villa d\u2019epoca a Quinto di Valpantena.\" \/>\n<meta name=\"robots\" content=\"index, follow, max-snippet:-1, max-image-preview:large, max-video-preview:-1\" \/>\n<link rel=\"canonical\" href=\"https:\/\/www.europeanrealestate.org\/blog\/it\/proprieta-settimana-villa-epoca-in-vendita-quinto-valpantena-verona\/\" \/>\n<meta property=\"og:locale\" content=\"es_ES\" \/>\n<meta property=\"og:type\" content=\"article\" \/>\n<meta property=\"og:title\" content=\"Villa d\u2019epoca in vendita a Quinto di Valpantena, Verona | EREN\" \/>\n<meta property=\"og:description\" content=\"Se siete interessati nell\u2019acquisto di una casa esclusiva a Verona, vi presentiamo questa villa d\u2019epoca a Quinto di Valpantena.\" \/>\n<meta property=\"og:url\" content=\"https:\/\/www.europeanrealestate.org\/blog\/it\/proprieta-settimana-villa-epoca-in-vendita-quinto-valpantena-verona\/\" \/>\n<meta property=\"og:site_name\" content=\"EREN\" \/>\n<meta property=\"article:published_time\" content=\"2019-10-10T11:00:05+00:00\" \/>\n<meta property=\"article:modified_time\" content=\"2019-10-10T10:57:05+00:00\" \/>\n<meta property=\"og:image\" content=\"https:\/\/www.europeanrealestate.org\/blog\/wp-content\/uploads\/2019\/10\/CF-e1570700988182.jpg\" \/>\n\t<meta property=\"og:image:width\" content=\"1024\" \/>\n\t<meta property=\"og:image:height\" content=\"576\" \/>\n\t<meta property=\"og:image:type\" content=\"image\/jpeg\" \/>\n<meta name=\"author\" content=\"Cofim Immobiliare\" \/>\n<meta name=\"twitter:card\" content=\"summary_large_image\" \/>\n<meta name=\"twitter:label1\" content=\"Escrito por\" \/>\n\t<meta name=\"twitter:data1\" content=\"Cofim Immobiliare\" \/>\n\t<meta name=\"twitter:label2\" content=\"Tiempo de lectura\" \/>\n\t<meta name=\"twitter:data2\" content=\"2 minutos\" \/>\n<script type=\"application\/ld+json\" class=\"yoast-schema-graph\">{\"@context\":\"https:\/\/schema.org\",\"@graph\":[{\"@type\":\"Article\",\"@id\":\"https:\/\/www.europeanrealestate.org\/blog\/it\/proprieta-settimana-villa-epoca-in-vendita-quinto-valpantena-verona\/#article\",\"isPartOf\":{\"@id\":\"https:\/\/www.europeanrealestate.org\/blog\/it\/proprieta-settimana-villa-epoca-in-vendita-quinto-valpantena-verona\/\"},\"author\":{\"name\":\"Cofim Immobiliare\",\"@id\":\"https:\/\/www.europeanrealestate.org\/blog\/#\/schema\/person\/b0945599f0df74729c43eae97c1a6ecc\"},\"headline\":\"Propriet\u00e0 della settimana: una villa d\u2019epoca a Quinto di Valpantena, Verona\",\"datePublished\":\"2019-10-10T11:00:05+00:00\",\"dateModified\":\"2019-10-10T10:57:05+00:00\",\"mainEntityOfPage\":{\"@id\":\"https:\/\/www.europeanrealestate.org\/blog\/it\/proprieta-settimana-villa-epoca-in-vendita-quinto-valpantena-verona\/\"},\"wordCount\":359,\"publisher\":{\"@id\":\"https:\/\/www.europeanrealestate.org\/blog\/#organization\"},\"image\":{\"@id\":\"https:\/\/www.europeanrealestate.org\/blog\/it\/proprieta-settimana-villa-epoca-in-vendita-quinto-valpantena-verona\/#primaryimage\"},\"thumbnailUrl\":\"https:\/\/www.europeanrealestate.org\/blog\/wp-content\/uploads\/2019\/10\/CF-e1570700988182.jpg\",\"keywords\":[\"Cofim Immobiliare\",\"Propriet\u00e0 della settimana\",\"Propriet\u00e0 di lusso in Europa\"],\"articleSection\":[\"Propriet\u00e0 esclusive\"],\"inLanguage\":\"es\"},{\"@type\":\"WebPage\",\"@id\":\"https:\/\/www.europeanrealestate.org\/blog\/it\/proprieta-settimana-villa-epoca-in-vendita-quinto-valpantena-verona\/\",\"url\":\"https:\/\/www.europeanrealestate.org\/blog\/it\/proprieta-settimana-villa-epoca-in-vendita-quinto-valpantena-verona\/\",\"name\":\"Villa d\u2019epoca in vendita a Quinto di Valpantena, Verona | EREN\",\"isPartOf\":{\"@id\":\"https:\/\/www.europeanrealestate.org\/blog\/#website\"},\"primaryImageOfPage\":{\"@id\":\"https:\/\/www.europeanrealestate.org\/blog\/it\/proprieta-settimana-villa-epoca-in-vendita-quinto-valpantena-verona\/#primaryimage\"},\"image\":{\"@id\":\"https:\/\/www.europeanrealestate.org\/blog\/it\/proprieta-settimana-villa-epoca-in-vendita-quinto-valpantena-verona\/#primaryimage\"},\"thumbnailUrl\":\"https:\/\/www.europeanrealestate.org\/blog\/wp-content\/uploads\/2019\/10\/CF-e1570700988182.jpg\",\"datePublished\":\"2019-10-10T11:00:05+00:00\",\"dateModified\":\"2019-10-10T10:57:05+00:00\",\"description\":\"Se siete interessati nell\u2019acquisto di una casa esclusiva a Verona, vi presentiamo questa villa d\u2019epoca a Quinto di Valpantena.\",\"breadcrumb\":{\"@id\":\"https:\/\/www.europeanrealestate.org\/blog\/it\/proprieta-settimana-villa-epoca-in-vendita-quinto-valpantena-verona\/#breadcrumb\"},\"inLanguage\":\"es\",\"potentialAction\":[{\"@type\":\"ReadAction\",\"target\":[\"https:\/\/www.europeanrealestate.org\/blog\/it\/proprieta-settimana-villa-epoca-in-vendita-quinto-valpantena-verona\/\"]}]},{\"@type\":\"ImageObject\",\"inLanguage\":\"es\",\"@id\":\"https:\/\/www.europeanrealestate.org\/blog\/it\/proprieta-settimana-villa-epoca-in-vendita-quinto-valpantena-verona\/#primaryimage\",\"url\":\"https:\/\/www.europeanrealestate.org\/blog\/wp-content\/uploads\/2019\/10\/CF-e1570700988182.jpg\",\"contentUrl\":\"https:\/\/www.europeanrealestate.org\/blog\/wp-content\/uploads\/2019\/10\/CF-e1570700988182.jpg\",\"width\":1024,\"height\":576,\"caption\":\"Villa d'epoca a Quinto di Valpantena, Verona\"},{\"@type\":\"BreadcrumbList\",\"@id\":\"https:\/\/www.europeanrealestate.org\/blog\/it\/proprieta-settimana-villa-epoca-in-vendita-quinto-valpantena-verona\/#breadcrumb\",\"itemListElement\":[{\"@type\":\"ListItem\",\"position\":1,\"name\":\"Home\",\"item\":\"https:\/\/www.europeanrealestate.org\/blog\/\"},{\"@type\":\"ListItem\",\"position\":2,\"name\":\"Propriet\u00e0 della settimana: una villa d\u2019epoca a Quinto di Valpantena, Verona\"}]},{\"@type\":\"WebSite\",\"@id\":\"https:\/\/www.europeanrealestate.org\/blog\/#website\",\"url\":\"https:\/\/www.europeanrealestate.org\/blog\/\",\"name\":\"EREN\",\"description\":\"European Real Estate Network\",\"publisher\":{\"@id\":\"https:\/\/www.europeanrealestate.org\/blog\/#organization\"},\"potentialAction\":[{\"@type\":\"SearchAction\",\"target\":{\"@type\":\"EntryPoint\",\"urlTemplate\":\"https:\/\/www.europeanrealestate.org\/blog\/?s={search_term_string}\"},\"query-input\":\"required name=search_term_string\"}],\"inLanguage\":\"es\"},{\"@type\":\"Organization\",\"@id\":\"https:\/\/www.europeanrealestate.org\/blog\/#organization\",\"name\":\"EREN\",\"url\":\"https:\/\/www.europeanrealestate.org\/blog\/\",\"logo\":{\"@type\":\"ImageObject\",\"inLanguage\":\"es\",\"@id\":\"https:\/\/www.europeanrealestate.org\/blog\/#\/schema\/logo\/image\/\",\"url\":\"https:\/\/www.europeanrealestate.org\/blog\/wp-content\/uploads\/2019\/05\/EREN_LOGO.svg\",\"contentUrl\":\"https:\/\/www.europeanrealestate.org\/blog\/wp-content\/uploads\/2019\/05\/EREN_LOGO.svg\",\"width\":184,\"height\":14,\"caption\":\"EREN\"},\"image\":{\"@id\":\"https:\/\/www.europeanrealestate.org\/blog\/#\/schema\/logo\/image\/\"}},{\"@type\":\"Person\",\"@id\":\"https:\/\/www.europeanrealestate.org\/blog\/#\/schema\/person\/b0945599f0df74729c43eae97c1a6ecc\",\"name\":\"Cofim Immobiliare\",\"image\":{\"@type\":\"ImageObject\",\"inLanguage\":\"es\",\"@id\":\"https:\/\/www.europeanrealestate.org\/blog\/#\/schema\/person\/image\/\",\"url\":\"https:\/\/secure.gravatar.com\/avatar\/0352adac402a1010d15136ca6f15c90d?s=96&d=mm&r=g\",\"contentUrl\":\"https:\/\/secure.gravatar.com\/avatar\/0352adac402a1010d15136ca6f15c90d?s=96&d=mm&r=g\",\"caption\":\"Cofim Immobiliare\"},\"url\":\"https:\/\/www.europeanrealestate.org\/blog\/author\/cofim-immobiliare\/\"}]}<\/script>\n<!-- \/ Yoast SEO plugin. -->","yoast_head_json":{"title":"Villa d\u2019epoca in vendita a Quinto di Valpantena, Verona | EREN","description":"Se siete interessati nell\u2019acquisto di una casa esclusiva a Verona, vi presentiamo questa villa d\u2019epoca a Quinto di Valpantena.","robots":{"index":"index","follow":"follow","max-snippet":"max-snippet:-1","max-image-preview":"max-image-preview:large","max-video-preview":"max-video-preview:-1"},"canonical":"https:\/\/www.europeanrealestate.org\/blog\/it\/proprieta-settimana-villa-epoca-in-vendita-quinto-valpantena-verona\/","og_locale":"es_ES","og_type":"article","og_title":"Villa d\u2019epoca in vendita a Quinto di Valpantena, Verona | EREN","og_description":"Se siete interessati nell\u2019acquisto di una casa esclusiva a Verona, vi presentiamo questa villa d\u2019epoca a Quinto di Valpantena.","og_url":"https:\/\/www.europeanrealestate.org\/blog\/it\/proprieta-settimana-villa-epoca-in-vendita-quinto-valpantena-verona\/","og_site_name":"EREN","article_published_time":"2019-10-10T11:00:05+00:00","article_modified_time":"2019-10-10T10:57:05+00:00","og_image":[{"width":1024,"height":576,"url":"https:\/\/www.europeanrealestate.org\/blog\/wp-content\/uploads\/2019\/10\/CF-e1570700988182.jpg","type":"image\/jpeg"}],"author":"Cofim Immobiliare","twitter_card":"summary_large_image","twitter_misc":{"Escrito por":"Cofim Immobiliare","Tiempo de lectura":"2 minutos"},"schema":{"@context":"https:\/\/schema.org","@graph":[{"@type":"Article","@id":"https:\/\/www.europeanrealestate.org\/blog\/it\/proprieta-settimana-villa-epoca-in-vendita-quinto-valpantena-verona\/#article","isPartOf":{"@id":"https:\/\/www.europeanrealestate.org\/blog\/it\/proprieta-settimana-villa-epoca-in-vendita-quinto-valpantena-verona\/"},"author":{"name":"Cofim Immobiliare","@id":"https:\/\/www.europeanrealestate.org\/blog\/#\/schema\/person\/b0945599f0df74729c43eae97c1a6ecc"},"headline":"Propriet\u00e0 della settimana: una villa d\u2019epoca a Quinto di Valpantena, Verona","datePublished":"2019-10-10T11:00:05+00:00","dateModified":"2019-10-10T10:57:05+00:00","mainEntityOfPage":{"@id":"https:\/\/www.europeanrealestate.org\/blog\/it\/proprieta-settimana-villa-epoca-in-vendita-quinto-valpantena-verona\/"},"wordCount":359,"publisher":{"@id":"https:\/\/www.europeanrealestate.org\/blog\/#organization"},"image":{"@id":"https:\/\/www.europeanrealestate.org\/blog\/it\/proprieta-settimana-villa-epoca-in-vendita-quinto-valpantena-verona\/#primaryimage"},"thumbnailUrl":"https:\/\/www.europeanrealestate.org\/blog\/wp-content\/uploads\/2019\/10\/CF-e1570700988182.jpg","keywords":["Cofim Immobiliare","Propriet\u00e0 della settimana","Propriet\u00e0 di lusso in Europa"],"articleSection":["Propriet\u00e0 esclusive"],"inLanguage":"es"},{"@type":"WebPage","@id":"https:\/\/www.europeanrealestate.org\/blog\/it\/proprieta-settimana-villa-epoca-in-vendita-quinto-valpantena-verona\/","url":"https:\/\/www.europeanrealestate.org\/blog\/it\/proprieta-settimana-villa-epoca-in-vendita-quinto-valpantena-verona\/","name":"Villa d\u2019epoca in vendita a Quinto di Valpantena, Verona | EREN","isPartOf":{"@id":"https:\/\/www.europeanrealestate.org\/blog\/#website"},"primaryImageOfPage":{"@id":"https:\/\/www.europeanrealestate.org\/blog\/it\/proprieta-settimana-villa-epoca-in-vendita-quinto-valpantena-verona\/#primaryimage"},"image":{"@id":"https:\/\/www.europeanrealestate.org\/blog\/it\/proprieta-settimana-villa-epoca-in-vendita-quinto-valpantena-verona\/#primaryimage"},"thumbnailUrl":"https:\/\/www.europeanrealestate.org\/blog\/wp-content\/uploads\/2019\/10\/CF-e1570700988182.jpg","datePublished":"2019-10-10T11:00:05+00:00","dateModified":"2019-10-10T10:57:05+00:00","description":"Se siete interessati nell\u2019acquisto di una casa esclusiva a Verona, vi presentiamo questa villa d\u2019epoca a Quinto di Valpantena.","breadcrumb":{"@id":"https:\/\/www.europeanrealestate.org\/blog\/it\/proprieta-settimana-villa-epoca-in-vendita-quinto-valpantena-verona\/#breadcrumb"},"inLanguage":"es","potentialAction":[{"@type":"ReadAction","target":["https:\/\/www.europeanrealestate.org\/blog\/it\/proprieta-settimana-villa-epoca-in-vendita-quinto-valpantena-verona\/"]}]},{"@type":"ImageObject","inLanguage":"es","@id":"https:\/\/www.europeanrealestate.org\/blog\/it\/proprieta-settimana-villa-epoca-in-vendita-quinto-valpantena-verona\/#primaryimage","url":"https:\/\/www.europeanrealestate.org\/blog\/wp-content\/uploads\/2019\/10\/CF-e1570700988182.jpg","contentUrl":"https:\/\/www.europeanrealestate.org\/blog\/wp-content\/uploads\/2019\/10\/CF-e1570700988182.jpg","width":1024,"height":576,"caption":"Villa d'epoca a Quinto di Valpantena, Verona"},{"@type":"BreadcrumbList","@id":"https:\/\/www.europeanrealestate.org\/blog\/it\/proprieta-settimana-villa-epoca-in-vendita-quinto-valpantena-verona\/#breadcrumb","itemListElement":[{"@type":"ListItem","position":1,"name":"Home","item":"https:\/\/www.europeanrealestate.org\/blog\/"},{"@type":"ListItem","position":2,"name":"Propriet\u00e0 della settimana: una villa d\u2019epoca a Quinto di Valpantena, Verona"}]},{"@type":"WebSite","@id":"https:\/\/www.europeanrealestate.org\/blog\/#website","url":"https:\/\/www.europeanrealestate.org\/blog\/","name":"EREN","description":"European Real Estate Network","publisher":{"@id":"https:\/\/www.europeanrealestate.org\/blog\/#organization"},"potentialAction":[{"@type":"SearchAction","target":{"@type":"EntryPoint","urlTemplate":"https:\/\/www.europeanrealestate.org\/blog\/?s={search_term_string}"},"query-input":"required name=search_term_string"}],"inLanguage":"es"},{"@type":"Organization","@id":"https:\/\/www.europeanrealestate.org\/blog\/#organization","name":"EREN","url":"https:\/\/www.europeanrealestate.org\/blog\/","logo":{"@type":"ImageObject","inLanguage":"es","@id":"https:\/\/www.europeanrealestate.org\/blog\/#\/schema\/logo\/image\/","url":"https:\/\/www.europeanrealestate.org\/blog\/wp-content\/uploads\/2019\/05\/EREN_LOGO.svg","contentUrl":"https:\/\/www.europeanrealestate.org\/blog\/wp-content\/uploads\/2019\/05\/EREN_LOGO.svg","width":184,"height":14,"caption":"EREN"},"image":{"@id":"https:\/\/www.europeanrealestate.org\/blog\/#\/schema\/logo\/image\/"}},{"@type":"Person","@id":"https:\/\/www.europeanrealestate.org\/blog\/#\/schema\/person\/b0945599f0df74729c43eae97c1a6ecc","name":"Cofim Immobiliare","image":{"@type":"ImageObject","inLanguage":"es","@id":"https:\/\/www.europeanrealestate.org\/blog\/#\/schema\/person\/image\/","url":"https:\/\/secure.gravatar.com\/avatar\/0352adac402a1010d15136ca6f15c90d?s=96&d=mm&r=g","contentUrl":"https:\/\/secure.gravatar.com\/avatar\/0352adac402a1010d15136ca6f15c90d?s=96&d=mm&r=g","caption":"Cofim Immobiliare"},"url":"https:\/\/www.europeanrealestate.org\/blog\/author\/cofim-immobiliare\/"}]}},"_links":{"self":[{"href":"https:\/\/www.europeanrealestate.org\/blog\/wp-json\/wp\/v2\/posts\/9929"}],"collection":[{"href":"https:\/\/www.europeanrealestate.org\/blog\/wp-json\/wp\/v2\/posts"}],"about":[{"href":"https:\/\/www.europeanrealestate.org\/blog\/wp-json\/wp\/v2\/types\/post"}],"author":[{"embeddable":true,"href":"https:\/\/www.europeanrealestate.org\/blog\/wp-json\/wp\/v2\/users\/5"}],"replies":[{"embeddable":true,"href":"https:\/\/www.europeanrealestate.org\/blog\/wp-json\/wp\/v2\/comments?post=9929"}],"version-history":[{"count":4,"href":"https:\/\/www.europeanrealestate.org\/blog\/wp-json\/wp\/v2\/posts\/9929\/revisions"}],"predecessor-version":[{"id":9951,"href":"https:\/\/www.europeanrealestate.org\/blog\/wp-json\/wp\/v2\/posts\/9929\/revisions\/9951"}],"wp:featuredmedia":[{"embeddable":true,"href":"https:\/\/www.europeanrealestate.org\/blog\/wp-json\/wp\/v2\/media\/9942"}],"wp:attachment":[{"href":"https:\/\/www.europeanrealestate.org\/blog\/wp-json\/wp\/v2\/media?parent=9929"}],"wp:term":[{"taxonomy":"category","embeddable":true,"href":"https:\/\/www.europeanrealestate.org\/blog\/wp-json\/wp\/v2\/categories?post=9929"},{"taxonomy":"post_tag","embeddable":true,"href":"https:\/\/www.europeanrealestate.org\/blog\/wp-json\/wp\/v2\/tags?post=9929"}],"curies":[{"name":"wp","href":"https:\/\/api.w.org\/{rel}","templated":true}]}}