{"id":9984,"date":"2019-10-28T16:00:12","date_gmt":"2019-10-28T14:00:12","guid":{"rendered":"https:\/\/www.europeanrealestate.org\/blog\/?p=9984"},"modified":"2019-12-02T14:14:51","modified_gmt":"2019-12-02T12:14:51","slug":"viena-ciudad-mundo-mejor-calidad-vida","status":"publish","type":"post","link":"https:\/\/www.europeanrealestate.org\/blog\/es\/viena-ciudad-mundo-mejor-calidad-vida\/","title":{"rendered":"Viena, ciudad del mundo con mejor calidad de vida"},"content":{"rendered":"<p>A nuestro miembro <a href=\"https:\/\/www.europeanrealestate.org\/es\/agencias-inmobiliarias\/marschall-real-estate\" target=\"_blank\" rel=\"noopener noreferrer\">Marchall Real Estate<\/a> le complace anunciar que <strong>Viena<\/strong> ha sido elegida nuevamente como la <strong>ciudad con mejor calidad de vida del mundo<\/strong> por dos importantes estudios que han tenido en cuenta una amplia gama de criterios.<\/p>\n<p>Recientemente y por segunda vez consecutiva, el ranking \u201cGlobal Liveability\u201d de la <strong>Economist Intelligence Unit<\/strong> (EIU) ha elegido Viena como ganadora internacional. En su estudio se han comparado un total de 140 metr\u00f3polis internacionales en t\u00e9rminos de seguridad, sanidad, medioambiente, infraestructuras, as\u00ed como cultura y educaci\u00f3n.<\/p>\n<p>Viena impresiona por su <strong>ostentosa arquitectura<\/strong>, su gran n\u00famero de colegios internacionales y por sus viviendas con <strong>moderados precios de alquiler<\/strong>. Pero la capital austriaca ofrece tambi\u00e9n una gran oferta musical, art\u00edstica y una larga tradici\u00f3n de caf\u00e9s vieneses. Viena cuenta con la mejor agua potable y una excelente red de transporte p\u00fablico, con precios muy moderados, adem\u00e1s de ser considerada muy segura y una de las \u00abSmart City\u00bb l\u00edderes.<\/p>\n<p>A pesar de su popularidad, ciudades como Londres, Par\u00eds y Nueva York se quedan atr\u00e1s debido a sus crecientes \u00edndices de delincuencia y sus malas infraestructuras. S\u00eddney sube dos puestos, en parte debido a la <strong>mejora de las calificaciones medioambientales<\/strong>.<\/p>\n<p>Sin embargo, la mayor mejora la ha experimentado la ciudad de San Juan, capital de Puerto Rico, que ha escalado 20 puestos hasta el 69. Las condiciones de vida en Mosc\u00fa, Belgrado, Han\u00f3i y Kiev tambi\u00e9n han mejorado considerablemente en los \u00faltimos cinco a\u00f1os.<\/p>\n<p>Las <strong>10 ciudades con mejor calidad de vida del mundo<\/strong> seg\u00fan el ranking de la Economist Intelligence Unit 2019:<\/p>\n<ol>\n<li>Viena \/ Austria<\/li>\n<li>Melbourne \/ Australia<\/li>\n<li>S\u00eddney \/ Australia<\/li>\n<li>Osaka \/ Jap\u00f3n<\/li>\n<li>Calgary \/ Canad\u00e1<\/li>\n<li>Vancouver \/ Canad\u00e1<\/li>\n<li>Tokio \/ Jap\u00f3n<\/li>\n<li>Toronto \/ Canad\u00e1<\/li>\n<li>Copenhague \/ Dinamarca<\/li>\n<li>Adelaida \/ Australia<\/li>\n<\/ol>\n<p>Seg\u00fan el <strong>estudio Mercer<\/strong>, las ciudades europeas siguen dominando los diez primeros puestos. Viena ha encabezado consecutivamente dicha lista internacional desde 2009, seguida de las ciudades de Z\u00farich, Vancouver, M\u00fanich y Auckland.<\/p>\n<p>En el caso del <strong>ranking especial de seguridad<\/strong>, Luxemburgo es la ciudad n\u00famero uno, seguida de Helsinki, Basilea, Berna y Z\u00farich.<\/p>\n<p>Mercer ha analizado en su estudio de calidad de vida 450 ciudades de todo el mundo seg\u00fan 39 criterios. Los datos han sido recopilados por institutos y autoridades independientes.<\/p>\n<p>Descubra los <strong><a href=\"https:\/\/www.europeanrealestate.org\/es\/comprar\/apartamentos-pisos\/austria\/viena\" target=\"_blank\" rel=\"noopener noreferrer\">inmuebles m\u00e1s exclusivos de Viena<\/a><\/strong> disponibles en el portfolio de Marschall Real Estate.<\/p>\n","protected":false},"excerpt":{"rendered":"<p>Viena elegida nuevamente como la ciudad con mejor calidad de vida del mundo por el ranking Global Liveability de la Economist Intelligence Unit y la clasificaci\u00f3n mundial de Mercer.<\/p>\n","protected":false},"author":11,"featured_media":9983,"comment_status":"closed","ping_status":"closed","sticky":false,"template":"","format":"standard","meta":{"footnotes":""},"categories":[16],"tags":[5333,5908],"yoast_head":"<!-- This site is optimized with the Yoast SEO plugin v23.0 - https:\/\/yoast.com\/wordpress\/plugins\/seo\/ -->\n<title>Viena, ciudad con mejor calidad de vida 2019 | EREN<\/title>\n<meta name=\"description\" content=\"Viena encabeza la clasificaci\u00f3n de ciudades con mejor calidad de vida de Mercer y el ranking Global Liveability de la Economist Intelligence Unit.\" \/>\n<meta name=\"robots\" content=\"index, follow, max-snippet:-1, max-image-preview:large, max-video-preview:-1\" \/>\n<link rel=\"canonical\" href=\"https:\/\/www.europeanrealestate.org\/blog\/es\/viena-ciudad-mundo-mejor-calidad-vida\/\" \/>\n<meta property=\"og:locale\" content=\"es_ES\" \/>\n<meta property=\"og:type\" content=\"article\" \/>\n<meta property=\"og:title\" content=\"Viena, ciudad con mejor calidad de vida 2019 | EREN\" \/>\n<meta property=\"og:description\" content=\"Viena encabeza la clasificaci\u00f3n de ciudades con mejor calidad de vida de Mercer y el ranking Global Liveability de la Economist Intelligence Unit.\" \/>\n<meta property=\"og:url\" content=\"https:\/\/www.europeanrealestate.org\/blog\/es\/viena-ciudad-mundo-mejor-calidad-vida\/\" \/>\n<meta property=\"og:site_name\" content=\"EREN\" \/>\n<meta property=\"article:published_time\" content=\"2019-10-28T14:00:12+00:00\" \/>\n<meta property=\"article:modified_time\" content=\"2019-12-02T12:14:51+00:00\" \/>\n<meta property=\"og:image\" content=\"https:\/\/www.europeanrealestate.org\/blog\/wp-content\/uploads\/2019\/10\/Schloss-Belvedere.jpg\" \/>\n\t<meta property=\"og:image:width\" content=\"1920\" \/>\n\t<meta property=\"og:image:height\" content=\"826\" \/>\n\t<meta property=\"og:image:type\" content=\"image\/jpeg\" \/>\n<meta name=\"author\" content=\"Marschall Real Estate\" \/>\n<meta name=\"twitter:card\" content=\"summary_large_image\" \/>\n<meta name=\"twitter:label1\" content=\"Escrito por\" \/>\n\t<meta name=\"twitter:data1\" content=\"Marschall Real Estate\" \/>\n\t<meta name=\"twitter:label2\" content=\"Tiempo de lectura\" \/>\n\t<meta name=\"twitter:data2\" content=\"2 minutos\" \/>\n<script type=\"application\/ld+json\" class=\"yoast-schema-graph\">{\"@context\":\"https:\/\/schema.org\",\"@graph\":[{\"@type\":\"Article\",\"@id\":\"https:\/\/www.europeanrealestate.org\/blog\/es\/viena-ciudad-mundo-mejor-calidad-vida\/#article\",\"isPartOf\":{\"@id\":\"https:\/\/www.europeanrealestate.org\/blog\/es\/viena-ciudad-mundo-mejor-calidad-vida\/\"},\"author\":{\"name\":\"Marschall Real Estate\",\"@id\":\"https:\/\/www.europeanrealestate.org\/blog\/#\/schema\/person\/8e3d2abde6fbb29f6a46d9b6612faaa6\"},\"headline\":\"Viena, ciudad del mundo con mejor calidad de vida\",\"datePublished\":\"2019-10-28T14:00:12+00:00\",\"dateModified\":\"2019-12-02T12:14:51+00:00\",\"mainEntityOfPage\":{\"@id\":\"https:\/\/www.europeanrealestate.org\/blog\/es\/viena-ciudad-mundo-mejor-calidad-vida\/\"},\"wordCount\":404,\"publisher\":{\"@id\":\"https:\/\/www.europeanrealestate.org\/blog\/#organization\"},\"image\":{\"@id\":\"https:\/\/www.europeanrealestate.org\/blog\/es\/viena-ciudad-mundo-mejor-calidad-vida\/#primaryimage\"},\"thumbnailUrl\":\"https:\/\/www.europeanrealestate.org\/blog\/wp-content\/uploads\/2019\/10\/Schloss-Belvedere.jpg\",\"keywords\":[\"Marschall Real Estate\",\"Viena\"],\"articleSection\":[\"Actualidad inmobiliaria\"],\"inLanguage\":\"es\"},{\"@type\":\"WebPage\",\"@id\":\"https:\/\/www.europeanrealestate.org\/blog\/es\/viena-ciudad-mundo-mejor-calidad-vida\/\",\"url\":\"https:\/\/www.europeanrealestate.org\/blog\/es\/viena-ciudad-mundo-mejor-calidad-vida\/\",\"name\":\"Viena, ciudad con mejor calidad de vida 2019 | EREN\",\"isPartOf\":{\"@id\":\"https:\/\/www.europeanrealestate.org\/blog\/#website\"},\"primaryImageOfPage\":{\"@id\":\"https:\/\/www.europeanrealestate.org\/blog\/es\/viena-ciudad-mundo-mejor-calidad-vida\/#primaryimage\"},\"image\":{\"@id\":\"https:\/\/www.europeanrealestate.org\/blog\/es\/viena-ciudad-mundo-mejor-calidad-vida\/#primaryimage\"},\"thumbnailUrl\":\"https:\/\/www.europeanrealestate.org\/blog\/wp-content\/uploads\/2019\/10\/Schloss-Belvedere.jpg\",\"datePublished\":\"2019-10-28T14:00:12+00:00\",\"dateModified\":\"2019-12-02T12:14:51+00:00\",\"description\":\"Viena encabeza la clasificaci\u00f3n de ciudades con mejor calidad de vida de Mercer y el ranking Global Liveability de la Economist Intelligence Unit.\",\"breadcrumb\":{\"@id\":\"https:\/\/www.europeanrealestate.org\/blog\/es\/viena-ciudad-mundo-mejor-calidad-vida\/#breadcrumb\"},\"inLanguage\":\"es\",\"potentialAction\":[{\"@type\":\"ReadAction\",\"target\":[\"https:\/\/www.europeanrealestate.org\/blog\/es\/viena-ciudad-mundo-mejor-calidad-vida\/\"]}]},{\"@type\":\"ImageObject\",\"inLanguage\":\"es\",\"@id\":\"https:\/\/www.europeanrealestate.org\/blog\/es\/viena-ciudad-mundo-mejor-calidad-vida\/#primaryimage\",\"url\":\"https:\/\/www.europeanrealestate.org\/blog\/wp-content\/uploads\/2019\/10\/Schloss-Belvedere.jpg\",\"contentUrl\":\"https:\/\/www.europeanrealestate.org\/blog\/wp-content\/uploads\/2019\/10\/Schloss-Belvedere.jpg\",\"width\":1920,\"height\":826,\"caption\":\"Palacio Belvedere - Viena, ciudad del mundo con mejor calidad de vida\"},{\"@type\":\"BreadcrumbList\",\"@id\":\"https:\/\/www.europeanrealestate.org\/blog\/es\/viena-ciudad-mundo-mejor-calidad-vida\/#breadcrumb\",\"itemListElement\":[{\"@type\":\"ListItem\",\"position\":1,\"name\":\"Home\",\"item\":\"https:\/\/www.europeanrealestate.org\/blog\/\"},{\"@type\":\"ListItem\",\"position\":2,\"name\":\"Viena, ciudad del mundo con mejor calidad de vida\"}]},{\"@type\":\"WebSite\",\"@id\":\"https:\/\/www.europeanrealestate.org\/blog\/#website\",\"url\":\"https:\/\/www.europeanrealestate.org\/blog\/\",\"name\":\"EREN\",\"description\":\"European Real Estate Network\",\"publisher\":{\"@id\":\"https:\/\/www.europeanrealestate.org\/blog\/#organization\"},\"potentialAction\":[{\"@type\":\"SearchAction\",\"target\":{\"@type\":\"EntryPoint\",\"urlTemplate\":\"https:\/\/www.europeanrealestate.org\/blog\/?s={search_term_string}\"},\"query-input\":\"required name=search_term_string\"}],\"inLanguage\":\"es\"},{\"@type\":\"Organization\",\"@id\":\"https:\/\/www.europeanrealestate.org\/blog\/#organization\",\"name\":\"EREN\",\"url\":\"https:\/\/www.europeanrealestate.org\/blog\/\",\"logo\":{\"@type\":\"ImageObject\",\"inLanguage\":\"es\",\"@id\":\"https:\/\/www.europeanrealestate.org\/blog\/#\/schema\/logo\/image\/\",\"url\":\"https:\/\/www.europeanrealestate.org\/blog\/wp-content\/uploads\/2019\/05\/EREN_LOGO.svg\",\"contentUrl\":\"https:\/\/www.europeanrealestate.org\/blog\/wp-content\/uploads\/2019\/05\/EREN_LOGO.svg\",\"width\":184,\"height\":14,\"caption\":\"EREN\"},\"image\":{\"@id\":\"https:\/\/www.europeanrealestate.org\/blog\/#\/schema\/logo\/image\/\"}},{\"@type\":\"Person\",\"@id\":\"https:\/\/www.europeanrealestate.org\/blog\/#\/schema\/person\/8e3d2abde6fbb29f6a46d9b6612faaa6\",\"name\":\"Marschall Real Estate\",\"image\":{\"@type\":\"ImageObject\",\"inLanguage\":\"es\",\"@id\":\"https:\/\/www.europeanrealestate.org\/blog\/#\/schema\/person\/image\/\",\"url\":\"https:\/\/secure.gravatar.com\/avatar\/f22a798d3d0e189cdb1adaf46db98595?s=96&d=mm&r=g\",\"contentUrl\":\"https:\/\/secure.gravatar.com\/avatar\/f22a798d3d0e189cdb1adaf46db98595?s=96&d=mm&r=g\",\"caption\":\"Marschall Real Estate\"},\"url\":\"https:\/\/www.europeanrealestate.org\/blog\/author\/marschall-real-estate\/\"}]}<\/script>\n<!-- \/ Yoast SEO plugin. -->","yoast_head_json":{"title":"Viena, ciudad con mejor calidad de vida 2019 | EREN","description":"Viena encabeza la clasificaci\u00f3n de ciudades con mejor calidad de vida de Mercer y el ranking Global Liveability de la Economist Intelligence Unit.","robots":{"index":"index","follow":"follow","max-snippet":"max-snippet:-1","max-image-preview":"max-image-preview:large","max-video-preview":"max-video-preview:-1"},"canonical":"https:\/\/www.europeanrealestate.org\/blog\/es\/viena-ciudad-mundo-mejor-calidad-vida\/","og_locale":"es_ES","og_type":"article","og_title":"Viena, ciudad con mejor calidad de vida 2019 | EREN","og_description":"Viena encabeza la clasificaci\u00f3n de ciudades con mejor calidad de vida de Mercer y el ranking Global Liveability de la Economist Intelligence Unit.","og_url":"https:\/\/www.europeanrealestate.org\/blog\/es\/viena-ciudad-mundo-mejor-calidad-vida\/","og_site_name":"EREN","article_published_time":"2019-10-28T14:00:12+00:00","article_modified_time":"2019-12-02T12:14:51+00:00","og_image":[{"width":1920,"height":826,"url":"https:\/\/www.europeanrealestate.org\/blog\/wp-content\/uploads\/2019\/10\/Schloss-Belvedere.jpg","type":"image\/jpeg"}],"author":"Marschall Real Estate","twitter_card":"summary_large_image","twitter_misc":{"Escrito por":"Marschall Real Estate","Tiempo de lectura":"2 minutos"},"schema":{"@context":"https:\/\/schema.org","@graph":[{"@type":"Article","@id":"https:\/\/www.europeanrealestate.org\/blog\/es\/viena-ciudad-mundo-mejor-calidad-vida\/#article","isPartOf":{"@id":"https:\/\/www.europeanrealestate.org\/blog\/es\/viena-ciudad-mundo-mejor-calidad-vida\/"},"author":{"name":"Marschall Real Estate","@id":"https:\/\/www.europeanrealestate.org\/blog\/#\/schema\/person\/8e3d2abde6fbb29f6a46d9b6612faaa6"},"headline":"Viena, ciudad del mundo con mejor calidad de vida","datePublished":"2019-10-28T14:00:12+00:00","dateModified":"2019-12-02T12:14:51+00:00","mainEntityOfPage":{"@id":"https:\/\/www.europeanrealestate.org\/blog\/es\/viena-ciudad-mundo-mejor-calidad-vida\/"},"wordCount":404,"publisher":{"@id":"https:\/\/www.europeanrealestate.org\/blog\/#organization"},"image":{"@id":"https:\/\/www.europeanrealestate.org\/blog\/es\/viena-ciudad-mundo-mejor-calidad-vida\/#primaryimage"},"thumbnailUrl":"https:\/\/www.europeanrealestate.org\/blog\/wp-content\/uploads\/2019\/10\/Schloss-Belvedere.jpg","keywords":["Marschall Real Estate","Viena"],"articleSection":["Actualidad inmobiliaria"],"inLanguage":"es"},{"@type":"WebPage","@id":"https:\/\/www.europeanrealestate.org\/blog\/es\/viena-ciudad-mundo-mejor-calidad-vida\/","url":"https:\/\/www.europeanrealestate.org\/blog\/es\/viena-ciudad-mundo-mejor-calidad-vida\/","name":"Viena, ciudad con mejor calidad de vida 2019 | EREN","isPartOf":{"@id":"https:\/\/www.europeanrealestate.org\/blog\/#website"},"primaryImageOfPage":{"@id":"https:\/\/www.europeanrealestate.org\/blog\/es\/viena-ciudad-mundo-mejor-calidad-vida\/#primaryimage"},"image":{"@id":"https:\/\/www.europeanrealestate.org\/blog\/es\/viena-ciudad-mundo-mejor-calidad-vida\/#primaryimage"},"thumbnailUrl":"https:\/\/www.europeanrealestate.org\/blog\/wp-content\/uploads\/2019\/10\/Schloss-Belvedere.jpg","datePublished":"2019-10-28T14:00:12+00:00","dateModified":"2019-12-02T12:14:51+00:00","description":"Viena encabeza la clasificaci\u00f3n de ciudades con mejor calidad de vida de Mercer y el ranking Global Liveability de la Economist Intelligence Unit.","breadcrumb":{"@id":"https:\/\/www.europeanrealestate.org\/blog\/es\/viena-ciudad-mundo-mejor-calidad-vida\/#breadcrumb"},"inLanguage":"es","potentialAction":[{"@type":"ReadAction","target":["https:\/\/www.europeanrealestate.org\/blog\/es\/viena-ciudad-mundo-mejor-calidad-vida\/"]}]},{"@type":"ImageObject","inLanguage":"es","@id":"https:\/\/www.europeanrealestate.org\/blog\/es\/viena-ciudad-mundo-mejor-calidad-vida\/#primaryimage","url":"https:\/\/www.europeanrealestate.org\/blog\/wp-content\/uploads\/2019\/10\/Schloss-Belvedere.jpg","contentUrl":"https:\/\/www.europeanrealestate.org\/blog\/wp-content\/uploads\/2019\/10\/Schloss-Belvedere.jpg","width":1920,"height":826,"caption":"Palacio Belvedere - Viena, ciudad del mundo con mejor calidad de vida"},{"@type":"BreadcrumbList","@id":"https:\/\/www.europeanrealestate.org\/blog\/es\/viena-ciudad-mundo-mejor-calidad-vida\/#breadcrumb","itemListElement":[{"@type":"ListItem","position":1,"name":"Home","item":"https:\/\/www.europeanrealestate.org\/blog\/"},{"@type":"ListItem","position":2,"name":"Viena, ciudad del mundo con mejor calidad de vida"}]},{"@type":"WebSite","@id":"https:\/\/www.europeanrealestate.org\/blog\/#website","url":"https:\/\/www.europeanrealestate.org\/blog\/","name":"EREN","description":"European Real Estate Network","publisher":{"@id":"https:\/\/www.europeanrealestate.org\/blog\/#organization"},"potentialAction":[{"@type":"SearchAction","target":{"@type":"EntryPoint","urlTemplate":"https:\/\/www.europeanrealestate.org\/blog\/?s={search_term_string}"},"query-input":"required name=search_term_string"}],"inLanguage":"es"},{"@type":"Organization","@id":"https:\/\/www.europeanrealestate.org\/blog\/#organization","name":"EREN","url":"https:\/\/www.europeanrealestate.org\/blog\/","logo":{"@type":"ImageObject","inLanguage":"es","@id":"https:\/\/www.europeanrealestate.org\/blog\/#\/schema\/logo\/image\/","url":"https:\/\/www.europeanrealestate.org\/blog\/wp-content\/uploads\/2019\/05\/EREN_LOGO.svg","contentUrl":"https:\/\/www.europeanrealestate.org\/blog\/wp-content\/uploads\/2019\/05\/EREN_LOGO.svg","width":184,"height":14,"caption":"EREN"},"image":{"@id":"https:\/\/www.europeanrealestate.org\/blog\/#\/schema\/logo\/image\/"}},{"@type":"Person","@id":"https:\/\/www.europeanrealestate.org\/blog\/#\/schema\/person\/8e3d2abde6fbb29f6a46d9b6612faaa6","name":"Marschall Real Estate","image":{"@type":"ImageObject","inLanguage":"es","@id":"https:\/\/www.europeanrealestate.org\/blog\/#\/schema\/person\/image\/","url":"https:\/\/secure.gravatar.com\/avatar\/f22a798d3d0e189cdb1adaf46db98595?s=96&d=mm&r=g","contentUrl":"https:\/\/secure.gravatar.com\/avatar\/f22a798d3d0e189cdb1adaf46db98595?s=96&d=mm&r=g","caption":"Marschall Real Estate"},"url":"https:\/\/www.europeanrealestate.org\/blog\/author\/marschall-real-estate\/"}]}},"_links":{"self":[{"href":"https:\/\/www.europeanrealestate.org\/blog\/wp-json\/wp\/v2\/posts\/9984"}],"collection":[{"href":"https:\/\/www.europeanrealestate.org\/blog\/wp-json\/wp\/v2\/posts"}],"about":[{"href":"https:\/\/www.europeanrealestate.org\/blog\/wp-json\/wp\/v2\/types\/post"}],"author":[{"embeddable":true,"href":"https:\/\/www.europeanrealestate.org\/blog\/wp-json\/wp\/v2\/users\/11"}],"replies":[{"embeddable":true,"href":"https:\/\/www.europeanrealestate.org\/blog\/wp-json\/wp\/v2\/comments?post=9984"}],"version-history":[{"count":5,"href":"https:\/\/www.europeanrealestate.org\/blog\/wp-json\/wp\/v2\/posts\/9984\/revisions"}],"predecessor-version":[{"id":10034,"href":"https:\/\/www.europeanrealestate.org\/blog\/wp-json\/wp\/v2\/posts\/9984\/revisions\/10034"}],"wp:featuredmedia":[{"embeddable":true,"href":"https:\/\/www.europeanrealestate.org\/blog\/wp-json\/wp\/v2\/media\/9983"}],"wp:attachment":[{"href":"https:\/\/www.europeanrealestate.org\/blog\/wp-json\/wp\/v2\/media?parent=9984"}],"wp:term":[{"taxonomy":"category","embeddable":true,"href":"https:\/\/www.europeanrealestate.org\/blog\/wp-json\/wp\/v2\/categories?post=9984"},{"taxonomy":"post_tag","embeddable":true,"href":"https:\/\/www.europeanrealestate.org\/blog\/wp-json\/wp\/v2\/tags?post=9984"}],"curies":[{"name":"wp","href":"https:\/\/api.w.org\/{rel}","templated":true}]}}